{"id":1856,"date":"2014-02-06T09:55:17","date_gmt":"2014-02-06T11:55:17","guid":{"rendered":"http:\/\/www.ifbaiano.edu.br\/unidades\/lapa\/?p=1856"},"modified":"2014-02-06T09:55:17","modified_gmt":"2014-02-06T11:55:17","slug":"comunicado-sobre-matriculas","status":"publish","type":"post","link":"https:\/\/www.ifbaiano.edu.br\/unidades\/lapa\/2014\/02\/06\/comunicado-sobre-matriculas\/","title":{"rendered":"Comunicado sobre matr\u00edculas"},"content":{"rendered":"<p>Confiram nota emitida pela Diretoria Acad\u00eamica logo abaixo.<\/p>\n<p><!--more--><\/p>\n<p>A Dire\u00e7\u00e3o de Ensino do IF Baiano &#8211; Campus Bom Jesus da Lapa comunica \u00e0 comunidade que as matr\u00edculas dos alunos aprovados e ou remanescentes do m\u00f3dulo I ocorrer\u00e3o at\u00e9 amanh\u00e3, sexta-feira.<\/p>\n<ul>\n<li><strong>Per\u00edodo de Matr\u00edculas<\/strong>: 04 a 07 de fevereiro de 2014.<\/li>\n<li><strong>Hor\u00e1rio:<\/strong>\u00a08:00 \u00e1s 11:00 horas; 14:00 \u00e1s 17:00 horas; 19:00 \u00e0s 21:30 horas.<\/li>\n<li><strong>Local:<\/strong>\u00a0Secretaria de Registros Acad\u00eamicos<\/li>\n<\/ul>\n","protected":false},"excerpt":{"rendered":"<p>Confiram nota emitida pela Diretoria Acad\u00eamica logo abaixo.<\/p>\n","protected":false},"author":41,"featured_media":0,"comment_status":"open","ping_status":"open","sticky":false,"template":"","format":"standard","meta":[],"categories":[30],"tags":[],"_links":{"self":[{"href":"https:\/\/www.ifbaiano.edu.br\/unidades\/lapa\/wp-json\/wp\/v2\/posts\/1856"}],"collection":[{"href":"https:\/\/www.ifbaiano.edu.br\/unidades\/lapa\/wp-json\/wp\/v2\/posts"}],"about":[{"href":"https:\/\/www.ifbaiano.edu.br\/unidades\/lapa\/wp-json\/wp\/v2\/types\/post"}],"author":[{"embeddable":true,"href":"https:\/\/www.ifbaiano.edu.br\/unidades\/lapa\/wp-json\/wp\/v2\/users\/41"}],"replies":[{"embeddable":true,"href":"https:\/\/www.ifbaiano.edu.br\/unidades\/lapa\/wp-json\/wp\/v2\/comments?post=1856"}],"version-history":[{"count":2,"href":"https:\/\/www.ifbaiano.edu.br\/unidades\/lapa\/wp-json\/wp\/v2\/posts\/1856\/revisions"}],"predecessor-version":[{"id":1858,"href":"https:\/\/www.ifbaiano.edu.br\/unidades\/lapa\/wp-json\/wp\/v2\/posts\/1856\/revisions\/1858"}],"wp:attachment":[{"href":"https:\/\/www.ifbaiano.edu.br\/unidades\/lapa\/wp-json\/wp\/v2\/media?parent=1856"}],"wp:term":[{"taxonomy":"category","embeddable":true,"href":"https:\/\/www.ifbaiano.edu.br\/unidades\/lapa\/wp-json\/wp\/v2\/categories?post=1856"},{"taxonomy":"post_tag","embeddable":true,"href":"https:\/\/www.ifbaiano.edu.br\/unidades\/lapa\/wp-json\/wp\/v2\/tags?post=1856"}],"curies":[{"name":"wp","href":"https:\/\/api.w.org\/{rel}","templated":true}]}}