{"id":18576,"date":"2020-12-04T08:22:39","date_gmt":"2020-12-04T11:22:39","guid":{"rendered":"https:\/\/www.ifbaiano.edu.br\/unidades\/lapa\/?p=18576"},"modified":"2020-12-04T08:22:39","modified_gmt":"2020-12-04T11:22:39","slug":"dedin-de-prosa-saudade-e-apnp","status":"publish","type":"post","link":"https:\/\/www.ifbaiano.edu.br\/unidades\/lapa\/2020\/12\/04\/dedin-de-prosa-saudade-e-apnp\/","title":{"rendered":"Dedin de Prosa &#8211; Saudade e APNP"},"content":{"rendered":"\n<p align=\"justify\">No d\u00e9cimo quarto epis\u00f3dio da segunda temporada do Dedin de Prosa, os psic\u00f3logos Eric Coutinho e Aline Soares refletem sobre a saudade, este sentimento marcado por lembran\u00e7as de pessoas e situa\u00e7\u00f5es vividas, de momentos que deixaram marcas saud\u00e1veis.<\/p>\n\n\n\n<p align=\"justify\">No epis\u00f3dio especial, as servidoras Valdineia e Jalene discutem a organiza\u00e7\u00e3o e oferta das atividades pedag\u00f3gicas n\u00e3o presenciais. Diferenciam atividades s\u00edncronas e ass\u00edncronas, tratam da avalia\u00e7\u00e3o, frequ\u00eancia, procedimentos para requerimentos de faltas e chamadas e apresentam importantes dicas para organiza\u00e7\u00e3o dos estudos e gest\u00e3o do tempo.<\/p>\n\n\n\n<p>Clique na imagem para ouvir<\/p>\n\n\n\n<div class=\"wp-block-columns is-layout-flex wp-container-3\">\n<div class=\"wp-block-column is-layout-flow\">\n<figure class=\"wp-block-image size-large\"><a href=\"https:\/\/anchor.fm\/dedin-de-prosa\/episodes\/Episdio-14---Saudade-enb7ju\/a-a2r158p\" target=\"_blank\" rel=\"noopener noreferrer\"><img decoding=\"async\" loading=\"lazy\" width=\"1080\" height=\"1080\" src=\"https:\/\/www.ifbaiano.edu.br\/unidades\/lapa\/files\/2020\/06\/dedin-de-prosa-lapa-itapetinga.png\" alt=\"Dedin de Prosa - Saudade\" class=\"wp-image-16271\"><\/a><figcaption align=\"center\">Dedin de Prosa &#8211; Saudade<\/figcaption><\/figure>\n<\/div>\n\n\n\n<div class=\"wp-block-column is-layout-flow\">\n<figure class=\"wp-block-image size-large\"><a href=\"https:\/\/anchor.fm\/dedin-de-prosa\/episodes\/Episdio-Especial---Atividades-Pedaggicas-No-Presenciais-enb7ti\/a-a2spndn\" target=\"_blank\" rel=\"noopener noreferrer\"><img decoding=\"async\" loading=\"lazy\" width=\"1080\" height=\"1080\" src=\"https:\/\/www.ifbaiano.edu.br\/unidades\/lapa\/files\/2020\/06\/dedin-de-prosa-lapa-itapetinga.png\" alt=\"Dedin de Prosa - APNP\" class=\"wp-image-16271\"><\/a><figcaption align=\"center\">Dedin de Prosa &#8211; APNP<\/figcaption><\/figure>\n<\/div>\n<\/div>\n","protected":false},"excerpt":{"rendered":"<p>No d\u00e9cimo quarto epis\u00f3dio da segunda temporada do Dedin de Prosa, os psic\u00f3logos Eric Coutinho e Aline Soares refletem sobre a saudade, este sentimento marcado por lembran\u00e7as de pessoas e situa\u00e7\u00f5es vividas, de momentos que deixaram marcas saud\u00e1veis. No epis\u00f3dio especial, as servidoras Valdineia e Jalene discutem a organiza\u00e7\u00e3o e oferta das atividades pedag\u00f3gicas n\u00e3o [&hellip;]<\/p>\n","protected":false},"author":100,"featured_media":16271,"comment_status":"open","ping_status":"open","sticky":false,"template":"","format":"standard","meta":[],"categories":[64,30,24,40,65],"tags":[],"_links":{"self":[{"href":"https:\/\/www.ifbaiano.edu.br\/unidades\/lapa\/wp-json\/wp\/v2\/posts\/18576"}],"collection":[{"href":"https:\/\/www.ifbaiano.edu.br\/unidades\/lapa\/wp-json\/wp\/v2\/posts"}],"about":[{"href":"https:\/\/www.ifbaiano.edu.br\/unidades\/lapa\/wp-json\/wp\/v2\/types\/post"}],"author":[{"embeddable":true,"href":"https:\/\/www.ifbaiano.edu.br\/unidades\/lapa\/wp-json\/wp\/v2\/users\/100"}],"replies":[{"embeddable":true,"href":"https:\/\/www.ifbaiano.edu.br\/unidades\/lapa\/wp-json\/wp\/v2\/comments?post=18576"}],"version-history":[{"count":1,"href":"https:\/\/www.ifbaiano.edu.br\/unidades\/lapa\/wp-json\/wp\/v2\/posts\/18576\/revisions"}],"predecessor-version":[{"id":18577,"href":"https:\/\/www.ifbaiano.edu.br\/unidades\/lapa\/wp-json\/wp\/v2\/posts\/18576\/revisions\/18577"}],"wp:featuredmedia":[{"embeddable":true,"href":"https:\/\/www.ifbaiano.edu.br\/unidades\/lapa\/wp-json\/wp\/v2\/media\/16271"}],"wp:attachment":[{"href":"https:\/\/www.ifbaiano.edu.br\/unidades\/lapa\/wp-json\/wp\/v2\/media?parent=18576"}],"wp:term":[{"taxonomy":"category","embeddable":true,"href":"https:\/\/www.ifbaiano.edu.br\/unidades\/lapa\/wp-json\/wp\/v2\/categories?post=18576"},{"taxonomy":"post_tag","embeddable":true,"href":"https:\/\/www.ifbaiano.edu.br\/unidades\/lapa\/wp-json\/wp\/v2\/tags?post=18576"}],"curies":[{"name":"wp","href":"https:\/\/api.w.org\/{rel}","templated":true}]}}