{"id":1859,"date":"2014-02-10T23:40:22","date_gmt":"2014-02-11T01:40:22","guid":{"rendered":"http:\/\/www.ifbaiano.edu.br\/unidades\/lapa\/?p=1859"},"modified":"2014-02-13T09:26:44","modified_gmt":"2014-02-13T11:26:44","slug":"segundachamada","status":"publish","type":"post","link":"https:\/\/www.ifbaiano.edu.br\/unidades\/lapa\/2014\/02\/10\/segundachamada\/","title":{"rendered":"Segunda Chamada de Matr\u00edculas &#8211; Campus Lapa &#8211; Ingresso 2014.1."},"content":{"rendered":"<p>Estamos divulgando a segunda chamada de matr\u00edculas para ingresso 2014.1 (<a href=\"http:\/\/www.ifbaiano.edu.br\/unidades\/lapa\/files\/2014\/02\/EDITAL_MATRICULA.pdf\" target=\"_blank\">Edital 02\/2014<\/a>).<!--more--><\/p>\n<p>A Dire\u00e7\u00e3o de Ensino do IF Baiano \u2013 Campus Bom Jesus da Lapa convoca em Segunda Chamada os candidatos APROVADOS no PROCESSO SELETIVO PARA INGRESSO DE ESTUDANTES 2014.1 \u00a0para efetiva\u00e7\u00e3o de suas MATR\u00cdCULAS.<\/p>\n<p style=\"text-align: left\">Confira a lista dos dos convocados a segunda chamada: <a href=\"http:\/\/www.ifbaiano.edu.br\/unidades\/lapa\/files\/2014\/02\/APROVADOS-2.pdf\" target=\"_blank\">Clique aqui<\/a><\/p>\n<p><strong>DO PER\u00cdODO E LOCAL DA MATRICULA:<\/strong><\/p>\n<p><strong>Per\u00edodo de Matr\u00edcula:<\/strong> 11 a 12 de fevereiro de 2014<br \/>\n<strong>Hor\u00e1rio:<\/strong> 8:00 as 11:30 horas e de 13:30 as 17:30 horas<br \/>\n<strong>Local:\u00a0<\/strong>IFBAIANO \u2013 CAMPUS BOM JESUS DA LAPA<br \/>\n<strong>Setor:<\/strong> SRA \u2013 Secretaria de Registros Acad\u00eamicos<\/p>\n<p><strong>DOCUMENTOS NECESS\u00c1RIOS:<\/strong><\/p>\n<p>No ato da matr\u00edcula, o candidato dever\u00e1 preencher a ficha de cadastro fornecida pela SRA e o Question\u00e1rio Socioecon\u00f4mico e apresentar original e c\u00f3pia dos seguintes documentos:<\/p>\n<p>a) Hist\u00f3rico Escolar do Ensino M\u00e9dio e\/ou Atestado de Conclus\u00e3o (provisoriamente), emitido por Institui\u00e7\u00e3o Oficial de Ensino;<\/p>\n<p>b) Carteira de Identidade \u2013 RG e Cadastro de Pessoa F\u00edsica \u2013 CPF;<\/p>\n<p>c) Certid\u00e3o de Nascimento ou Casamento;<\/p>\n<p>d) T\u00edtulo de Eleitor e Certid\u00e3o de Quita\u00e7\u00e3o Eleitoral, para maiores de 18 anos (solicitar no cart\u00f3rio eleitoral ou no site:\u00a0<a href=\"http:\/\/www.tre-ba.gov.br\/\">www.tre-ba.gov.br<\/a>).<\/p>\n<p>e) Documento comprobat\u00f3rio de regularidade com o Servi\u00e7o Militar, para os alunos a partir dos 18 (dezoito) anos do sexo masculino;<\/p>\n<p>f) Procura\u00e7\u00e3o com firma reconhecida, quando a matr\u00edcula for efetuada por terceiros;<\/p>\n<p>g) Comprovante de Resid\u00eancia;<\/p>\n<p>h) 06 (seis) fotos 3\u00d74 iguais e recentes;<\/p>\n<p>i) CPF e RG dos respons\u00e1veis pelos menores de 18 (dezoito anos);<\/p>\n<p>j) Certifica\u00e7\u00e3o de Conclus\u00e3o do Ensino M\u00e9dio com base nas notas do Exame Nacional do Ensino M\u00e9dio \u2013 ENEM, se for o caso.<\/p>\n","protected":false},"excerpt":{"rendered":"<p>Estamos divulgando a segunda chamada de matr\u00edculas para ingresso 2014.1 (Edital 02\/2014).<\/p>\n","protected":false},"author":41,"featured_media":0,"comment_status":"open","ping_status":"open","sticky":false,"template":"","format":"standard","meta":[],"categories":[34],"tags":[],"_links":{"self":[{"href":"https:\/\/www.ifbaiano.edu.br\/unidades\/lapa\/wp-json\/wp\/v2\/posts\/1859"}],"collection":[{"href":"https:\/\/www.ifbaiano.edu.br\/unidades\/lapa\/wp-json\/wp\/v2\/posts"}],"about":[{"href":"https:\/\/www.ifbaiano.edu.br\/unidades\/lapa\/wp-json\/wp\/v2\/types\/post"}],"author":[{"embeddable":true,"href":"https:\/\/www.ifbaiano.edu.br\/unidades\/lapa\/wp-json\/wp\/v2\/users\/41"}],"replies":[{"embeddable":true,"href":"https:\/\/www.ifbaiano.edu.br\/unidades\/lapa\/wp-json\/wp\/v2\/comments?post=1859"}],"version-history":[{"count":12,"href":"https:\/\/www.ifbaiano.edu.br\/unidades\/lapa\/wp-json\/wp\/v2\/posts\/1859\/revisions"}],"predecessor-version":[{"id":1864,"href":"https:\/\/www.ifbaiano.edu.br\/unidades\/lapa\/wp-json\/wp\/v2\/posts\/1859\/revisions\/1864"}],"wp:attachment":[{"href":"https:\/\/www.ifbaiano.edu.br\/unidades\/lapa\/wp-json\/wp\/v2\/media?parent=1859"}],"wp:term":[{"taxonomy":"category","embeddable":true,"href":"https:\/\/www.ifbaiano.edu.br\/unidades\/lapa\/wp-json\/wp\/v2\/categories?post=1859"},{"taxonomy":"post_tag","embeddable":true,"href":"https:\/\/www.ifbaiano.edu.br\/unidades\/lapa\/wp-json\/wp\/v2\/tags?post=1859"}],"curies":[{"name":"wp","href":"https:\/\/api.w.org\/{rel}","templated":true}]}}