{"id":18596,"date":"2020-12-04T13:37:21","date_gmt":"2020-12-04T16:37:21","guid":{"rendered":"https:\/\/www.ifbaiano.edu.br\/unidades\/lapa\/?p=18596"},"modified":"2020-12-04T13:37:21","modified_gmt":"2020-12-04T16:37:21","slug":"convite-10-anos-if-lapa","status":"publish","type":"post","link":"https:\/\/www.ifbaiano.edu.br\/unidades\/lapa\/2020\/12\/04\/convite-10-anos-if-lapa\/","title":{"rendered":"Convite para Solenidade Virtual dos 10 anos de funcionamento do Campus Bom Jesus da Lapa"},"content":{"rendered":"\n<p align=\"justify\">O\u00a0Instituto Federal Baiano &#8211;\u00a0Campus Bom Jesus da Lapa\u00a0tem a honra de convidar\u00a0a Comunidade Acad\u00eamica e o p\u00fablico em geral\u00a0para acompanhar a transmiss\u00e3o da\u00a0<strong>Solenidade Virtual dos 10 (dez) anos de seu funcionamento,<\/strong>\u00a0a realizar-se na data abaixo informada.<br><strong>Data<\/strong>:\u00a007\/12\/2020\u00a0(segunda-feira) &#8211; Hor\u00e1rio: 19h00<br><strong>Link de transmiss\u00e3o ao p\u00fablico:<\/strong><a rel=\"noreferrer noopener\" href=\"https:\/\/youtu.be\/nGTAphNTeXA\" target=\"_blank\">https:\/\/youtu.be\/nGTAphNTeXA<\/a><br>O evento ser\u00e1 transmitido via YouTube com compartilhamento no Facebook do campus e com dura\u00e7\u00e3o estimada de 01 (uma) hora.<br>Devido \u00e0 impossibilidade de realiza\u00e7\u00e3o de cerim\u00f4nia presencial, por ocasi\u00e3o da pandemia de Covid-19, esta solenidade ser\u00e1 realizada em formato virtual e com redu\u00e7\u00e3o da participa\u00e7\u00e3o de autoridades, em raz\u00e3o de limita\u00e7\u00f5es da plataforma de transmiss\u00e3o que ser\u00e1 utilizada.<\/p>\n\n\n\n<figure class=\"wp-block-embed-youtube wp-block-embed is-type-video is-provider-youtube wp-embed-aspect-16-9 wp-has-aspect-ratio\"><div class=\"wp-block-embed__wrapper\">\n<iframe loading=\"lazy\" title=\"Solenidade Virtual dos 10 (dez) anos de funcionamento do IF Baiano - Campus Bom Jesus da Lapa\" width=\"500\" height=\"281\" src=\"https:\/\/www.youtube.com\/embed\/nGTAphNTeXA?feature=oembed\" frameborder=\"0\" allow=\"accelerometer; autoplay; clipboard-write; encrypted-media; gyroscope; picture-in-picture\" allowfullscreen><\/iframe>\n<\/div><figcaption>Solenidade Virtual dos 10 (dez) anos de funcionamento do IF Baiano &#8211; Campus Bom Jesus da Lapa<\/figcaption><\/figure>\n","protected":false},"excerpt":{"rendered":"<p>O\u00a0Instituto Federal Baiano &#8211;\u00a0Campus Bom Jesus da Lapa\u00a0tem a honra de convidar\u00a0a Comunidade Acad\u00eamica e o p\u00fablico em geral\u00a0para acompanhar a transmiss\u00e3o da\u00a0Solenidade Virtual dos 10 (dez) anos de seu funcionamento,\u00a0a realizar-se na data abaixo informada.Data:\u00a007\/12\/2020\u00a0(segunda-feira) &#8211; Hor\u00e1rio: 19h00Link de transmiss\u00e3o ao p\u00fablico:https:\/\/youtu.be\/nGTAphNTeXAO evento ser\u00e1 transmitido via YouTube com compartilhamento no Facebook do campus e [&hellip;]<\/p>\n","protected":false},"author":100,"featured_media":18598,"comment_status":"open","ping_status":"open","sticky":false,"template":"","format":"standard","meta":[],"categories":[64,24,65],"tags":[],"_links":{"self":[{"href":"https:\/\/www.ifbaiano.edu.br\/unidades\/lapa\/wp-json\/wp\/v2\/posts\/18596"}],"collection":[{"href":"https:\/\/www.ifbaiano.edu.br\/unidades\/lapa\/wp-json\/wp\/v2\/posts"}],"about":[{"href":"https:\/\/www.ifbaiano.edu.br\/unidades\/lapa\/wp-json\/wp\/v2\/types\/post"}],"author":[{"embeddable":true,"href":"https:\/\/www.ifbaiano.edu.br\/unidades\/lapa\/wp-json\/wp\/v2\/users\/100"}],"replies":[{"embeddable":true,"href":"https:\/\/www.ifbaiano.edu.br\/unidades\/lapa\/wp-json\/wp\/v2\/comments?post=18596"}],"version-history":[{"count":5,"href":"https:\/\/www.ifbaiano.edu.br\/unidades\/lapa\/wp-json\/wp\/v2\/posts\/18596\/revisions"}],"predecessor-version":[{"id":18602,"href":"https:\/\/www.ifbaiano.edu.br\/unidades\/lapa\/wp-json\/wp\/v2\/posts\/18596\/revisions\/18602"}],"wp:featuredmedia":[{"embeddable":true,"href":"https:\/\/www.ifbaiano.edu.br\/unidades\/lapa\/wp-json\/wp\/v2\/media\/18598"}],"wp:attachment":[{"href":"https:\/\/www.ifbaiano.edu.br\/unidades\/lapa\/wp-json\/wp\/v2\/media?parent=18596"}],"wp:term":[{"taxonomy":"category","embeddable":true,"href":"https:\/\/www.ifbaiano.edu.br\/unidades\/lapa\/wp-json\/wp\/v2\/categories?post=18596"},{"taxonomy":"post_tag","embeddable":true,"href":"https:\/\/www.ifbaiano.edu.br\/unidades\/lapa\/wp-json\/wp\/v2\/tags?post=18596"}],"curies":[{"name":"wp","href":"https:\/\/api.w.org\/{rel}","templated":true}]}}