{"id":186,"date":"2011-09-03T19:32:49","date_gmt":"2011-09-03T19:32:49","guid":{"rendered":"http:\/\/www.ifbaiano.edu.br\/unidades\/lapa\/?p=186"},"modified":"2011-09-03T19:33:58","modified_gmt":"2011-09-03T19:33:58","slug":"campus-bom-jesus-da-lapa-cria-grupo-de-pesquisa-em-inclusao-digital","status":"publish","type":"post","link":"https:\/\/www.ifbaiano.edu.br\/unidades\/lapa\/2011\/09\/03\/campus-bom-jesus-da-lapa-cria-grupo-de-pesquisa-em-inclusao-digital\/","title":{"rendered":"Campus Bom Jesus da Lapa cria Grupo de Pesquisa em Inclus\u00e3o Digital"},"content":{"rendered":"<p align=\"JUSTIFY\"><a href=\"http:\/\/www.ifbaiano.edu.br\/unidades\/lapa\/files\/2011\/09\/logo-gerainclus.png\"><img decoding=\"async\" loading=\"lazy\" class=\"size-medium wp-image-187 alignleft\" src=\"http:\/\/www.ifbaiano.edu.br\/unidades\/lapa\/files\/2011\/09\/logo-gerainclus-278x300.png\" alt=\"Logo Gerainclus\" width=\"278\" height=\"300\" srcset=\"https:\/\/www.ifbaiano.edu.br\/unidades\/lapa\/files\/2011\/09\/logo-gerainclus-278x300.png 278w, https:\/\/www.ifbaiano.edu.br\/unidades\/lapa\/files\/2011\/09\/logo-gerainclus-400x431.png 400w, https:\/\/www.ifbaiano.edu.br\/unidades\/lapa\/files\/2011\/09\/logo-gerainclus.png 512w\" sizes=\"(max-width: 278px) 100vw, 278px\" \/><\/a>O Campus Bom Jesus da Lapa criou o Grupo de Pesquisa em Gera\u00e7\u00f5es, Territorialidades e Inclus\u00e3o Digital \u2013 GERAINCLUS, que conta com projetos de pesquisa e extens\u00e3o. Os Projetos em execu\u00e7\u00e3o contam com bolsistas e volunt\u00e1rios com projetos propostos para a inclus\u00e3o digital da Terceira Idade, de Jovens em Canteiro de Obras e Crian\u00e7as em Idade Escolar.<\/p>\n<p align=\"JUSTIFY\">O cadastro realizado no diret\u00f3rio do CNPq conta com a participa\u00e7\u00e3o dos pesquisadores Davi Silva da Costa (l\u00edder), Est\u00e1cio Moreira da Silva, Mayana Abreu Pereira, Louise Francisca Sampaio Brand\u00e3o e Irma M\u00e1rcia Veloso L\u00eado. Informa\u00e7\u00f5es dispon\u00edveis atrav\u00e9s do e-mail: gerainclus@lapa.ifbaiano.edu.br.<\/p>\n","protected":false},"excerpt":{"rendered":"<p>O Campus Bom Jesus da Lapa criou o Grupo de Pesquisa em Gera\u00e7\u00f5es, Territorialidades e Inclus\u00e3o Digital \u2013 GERAINCLUS, que conta com projetos de pesquisa e extens\u00e3o. Os Projetos em execu\u00e7\u00e3o contam com bolsistas e volunt\u00e1rios com projetos propostos para a inclus\u00e3o digital da Terceira Idade, de Jovens em Canteiro de Obras e Crian\u00e7as em [&hellip;]<\/p>\n","protected":false},"author":23,"featured_media":0,"comment_status":"open","ping_status":"open","sticky":false,"template":"","format":"standard","meta":[],"categories":[1],"tags":[],"_links":{"self":[{"href":"https:\/\/www.ifbaiano.edu.br\/unidades\/lapa\/wp-json\/wp\/v2\/posts\/186"}],"collection":[{"href":"https:\/\/www.ifbaiano.edu.br\/unidades\/lapa\/wp-json\/wp\/v2\/posts"}],"about":[{"href":"https:\/\/www.ifbaiano.edu.br\/unidades\/lapa\/wp-json\/wp\/v2\/types\/post"}],"author":[{"embeddable":true,"href":"https:\/\/www.ifbaiano.edu.br\/unidades\/lapa\/wp-json\/wp\/v2\/users\/23"}],"replies":[{"embeddable":true,"href":"https:\/\/www.ifbaiano.edu.br\/unidades\/lapa\/wp-json\/wp\/v2\/comments?post=186"}],"version-history":[{"count":3,"href":"https:\/\/www.ifbaiano.edu.br\/unidades\/lapa\/wp-json\/wp\/v2\/posts\/186\/revisions"}],"predecessor-version":[{"id":190,"href":"https:\/\/www.ifbaiano.edu.br\/unidades\/lapa\/wp-json\/wp\/v2\/posts\/186\/revisions\/190"}],"wp:attachment":[{"href":"https:\/\/www.ifbaiano.edu.br\/unidades\/lapa\/wp-json\/wp\/v2\/media?parent=186"}],"wp:term":[{"taxonomy":"category","embeddable":true,"href":"https:\/\/www.ifbaiano.edu.br\/unidades\/lapa\/wp-json\/wp\/v2\/categories?post=186"},{"taxonomy":"post_tag","embeddable":true,"href":"https:\/\/www.ifbaiano.edu.br\/unidades\/lapa\/wp-json\/wp\/v2\/tags?post=186"}],"curies":[{"name":"wp","href":"https:\/\/api.w.org\/{rel}","templated":true}]}}