{"id":18620,"date":"2020-12-07T16:49:23","date_gmt":"2020-12-07T19:49:23","guid":{"rendered":"https:\/\/www.ifbaiano.edu.br\/unidades\/lapa\/?p=18620"},"modified":"2020-12-07T16:49:51","modified_gmt":"2020-12-07T19:49:51","slug":"prorrogacao-resultado-final-concurso-redacao-10-anos","status":"publish","type":"post","link":"https:\/\/www.ifbaiano.edu.br\/unidades\/lapa\/2020\/12\/07\/prorrogacao-resultado-final-concurso-redacao-10-anos\/","title":{"rendered":"Prorroga\u00e7\u00e3o do Resultado Final do Concurso de Reda\u00e7\u00e3o"},"content":{"rendered":"\n<p align=\"justify\">A Comiss\u00e3o Organizadora do Concurso de Reda\u00e7\u00e3o \u201cMinha hist\u00f3ria com o IF Baiano &#8211; Campus Lapa\u201d, informa que a divulga\u00e7\u00e3o do Resultado Final, prevista para o dia\u00a007\/12\/2020, foi prorrogada para o dia\u00a011\/12\/2020.<br>As reda\u00e7\u00f5es vencedoras ser\u00e3o apresentadas \u00e0s 15h00, do dia 11\/12, durante a programa\u00e7\u00e3o do Simp\u00f3sio de Ensino, Pesquisa e Extens\u00e3o, deste campus.<\/p>\n\n\n\n<p>Fonte: Comiss\u00e3o Organizadora<\/p>\n","protected":false},"excerpt":{"rendered":"<p>A Comiss\u00e3o Organizadora do Concurso de Reda\u00e7\u00e3o \u201cMinha hist\u00f3ria com o IF Baiano &#8211; Campus Lapa\u201d, informa que a divulga\u00e7\u00e3o do Resultado Final, prevista para o dia\u00a007\/12\/2020, foi prorrogada para o dia\u00a011\/12\/2020.As reda\u00e7\u00f5es vencedoras ser\u00e3o apresentadas \u00e0s 15h00, do dia 11\/12, durante a programa\u00e7\u00e3o do Simp\u00f3sio de Ensino, Pesquisa e Extens\u00e3o, deste campus. Fonte: Comiss\u00e3o [&hellip;]<\/p>\n","protected":false},"author":100,"featured_media":18609,"comment_status":"open","ping_status":"open","sticky":false,"template":"","format":"standard","meta":[],"categories":[34,64,30,24,65],"tags":[],"_links":{"self":[{"href":"https:\/\/www.ifbaiano.edu.br\/unidades\/lapa\/wp-json\/wp\/v2\/posts\/18620"}],"collection":[{"href":"https:\/\/www.ifbaiano.edu.br\/unidades\/lapa\/wp-json\/wp\/v2\/posts"}],"about":[{"href":"https:\/\/www.ifbaiano.edu.br\/unidades\/lapa\/wp-json\/wp\/v2\/types\/post"}],"author":[{"embeddable":true,"href":"https:\/\/www.ifbaiano.edu.br\/unidades\/lapa\/wp-json\/wp\/v2\/users\/100"}],"replies":[{"embeddable":true,"href":"https:\/\/www.ifbaiano.edu.br\/unidades\/lapa\/wp-json\/wp\/v2\/comments?post=18620"}],"version-history":[{"count":3,"href":"https:\/\/www.ifbaiano.edu.br\/unidades\/lapa\/wp-json\/wp\/v2\/posts\/18620\/revisions"}],"predecessor-version":[{"id":18623,"href":"https:\/\/www.ifbaiano.edu.br\/unidades\/lapa\/wp-json\/wp\/v2\/posts\/18620\/revisions\/18623"}],"wp:featuredmedia":[{"embeddable":true,"href":"https:\/\/www.ifbaiano.edu.br\/unidades\/lapa\/wp-json\/wp\/v2\/media\/18609"}],"wp:attachment":[{"href":"https:\/\/www.ifbaiano.edu.br\/unidades\/lapa\/wp-json\/wp\/v2\/media?parent=18620"}],"wp:term":[{"taxonomy":"category","embeddable":true,"href":"https:\/\/www.ifbaiano.edu.br\/unidades\/lapa\/wp-json\/wp\/v2\/categories?post=18620"},{"taxonomy":"post_tag","embeddable":true,"href":"https:\/\/www.ifbaiano.edu.br\/unidades\/lapa\/wp-json\/wp\/v2\/tags?post=18620"}],"curies":[{"name":"wp","href":"https:\/\/api.w.org\/{rel}","templated":true}]}}