{"id":18625,"date":"2020-12-08T15:50:58","date_gmt":"2020-12-08T18:50:58","guid":{"rendered":"https:\/\/www.ifbaiano.edu.br\/unidades\/lapa\/?p=18625"},"modified":"2020-12-08T16:03:57","modified_gmt":"2020-12-08T19:03:57","slug":"programacao-do-siepex-2020","status":"publish","type":"post","link":"https:\/\/www.ifbaiano.edu.br\/unidades\/lapa\/2020\/12\/08\/programacao-do-siepex-2020\/","title":{"rendered":"Programa\u00e7\u00e3o do SiEPEx 2020"},"content":{"rendered":"\n<p align=\"justify\">A comiss\u00e3o organizadora do I Simp\u00f3sio de Ensino, Pesquisa e Extens\u00e3o do IF Baiano <em>Campus<\/em> Bom Jesus da Lapa, torna p\u00fablica a programa\u00e7\u00e3o do evento.<\/p>\n<p align=\"justify\">O evento ser\u00e1 transmitido no canal do Youtube do <em>campus<\/em>.<\/p>\n<p align=\"justify\">Para mais detalhes, acesse o site do <a href=\"http:\/\/eventos.lapa.ifbaiano.edu.br\/SiEPEx2020\/\" target=\"_blank\" rel=\"noopener noreferrer\">SiEPEx 2020 (Site externo, abre em nova aba)<\/a>.<\/p>\n\n\n\n\n<div class=\"wp-block-file\"><a href=\"https:\/\/www.ifbaiano.edu.br\/unidades\/lapa\/files\/2020\/12\/Programacao-siepex-2020.pdf\" target=\"_blank\" rel=\"noreferrer noopener\">Programa\u00e7\u00e3o SiEPEx 2020 (Documento pfd, abre em nova aba)<br><\/a><\/div>\n\n\n\n<figure class=\"wp-block-image size-large\"><img decoding=\"async\" loading=\"lazy\" width=\"905\" height=\"1280\" src=\"https:\/\/www.ifbaiano.edu.br\/unidades\/lapa\/files\/2020\/12\/programacao-siepex-09-12-2020.jpeg\" alt=\"\" class=\"wp-image-18630\" \/><\/figure>\n\n\n\n<figure class=\"wp-block-image size-large\"><img decoding=\"async\" loading=\"lazy\" width=\"905\" height=\"1280\" src=\"https:\/\/www.ifbaiano.edu.br\/unidades\/lapa\/files\/2020\/12\/programacao-siepex-10-12-2020.jpeg\" alt=\"\" class=\"wp-image-18631\" \/><\/figure>\n\n\n\n<figure class=\"wp-block-image size-large\"><img decoding=\"async\" loading=\"lazy\" width=\"905\" height=\"1280\" src=\"https:\/\/www.ifbaiano.edu.br\/unidades\/lapa\/files\/2020\/12\/programacao-siepex-11-12-2020.jpeg\" alt=\"\" class=\"wp-image-18632\" \/><\/figure>\n","protected":false},"excerpt":{"rendered":"<p>A comiss\u00e3o organizadora do I Simp\u00f3sio de Ensino, Pesquisa e Extens\u00e3o do IF Baiano Campus Bom Jesus da Lapa, torna p\u00fablica a programa\u00e7\u00e3o do evento. O evento ser\u00e1 transmitido no canal do Youtube do campus. Para mais detalhes, acesse o site do SiEPEx 2020 (Site externo, abre em nova aba).<\/p>\n","protected":false},"author":100,"featured_media":17493,"comment_status":"open","ping_status":"open","sticky":false,"template":"","format":"standard","meta":[],"categories":[41,64,39,30,24,40,65],"tags":[],"_links":{"self":[{"href":"https:\/\/www.ifbaiano.edu.br\/unidades\/lapa\/wp-json\/wp\/v2\/posts\/18625"}],"collection":[{"href":"https:\/\/www.ifbaiano.edu.br\/unidades\/lapa\/wp-json\/wp\/v2\/posts"}],"about":[{"href":"https:\/\/www.ifbaiano.edu.br\/unidades\/lapa\/wp-json\/wp\/v2\/types\/post"}],"author":[{"embeddable":true,"href":"https:\/\/www.ifbaiano.edu.br\/unidades\/lapa\/wp-json\/wp\/v2\/users\/100"}],"replies":[{"embeddable":true,"href":"https:\/\/www.ifbaiano.edu.br\/unidades\/lapa\/wp-json\/wp\/v2\/comments?post=18625"}],"version-history":[{"count":9,"href":"https:\/\/www.ifbaiano.edu.br\/unidades\/lapa\/wp-json\/wp\/v2\/posts\/18625\/revisions"}],"predecessor-version":[{"id":18634,"href":"https:\/\/www.ifbaiano.edu.br\/unidades\/lapa\/wp-json\/wp\/v2\/posts\/18625\/revisions\/18634"}],"wp:featuredmedia":[{"embeddable":true,"href":"https:\/\/www.ifbaiano.edu.br\/unidades\/lapa\/wp-json\/wp\/v2\/media\/17493"}],"wp:attachment":[{"href":"https:\/\/www.ifbaiano.edu.br\/unidades\/lapa\/wp-json\/wp\/v2\/media?parent=18625"}],"wp:term":[{"taxonomy":"category","embeddable":true,"href":"https:\/\/www.ifbaiano.edu.br\/unidades\/lapa\/wp-json\/wp\/v2\/categories?post=18625"},{"taxonomy":"post_tag","embeddable":true,"href":"https:\/\/www.ifbaiano.edu.br\/unidades\/lapa\/wp-json\/wp\/v2\/tags?post=18625"}],"curies":[{"name":"wp","href":"https:\/\/api.w.org\/{rel}","templated":true}]}}