{"id":18643,"date":"2020-12-10T13:08:33","date_gmt":"2020-12-10T16:08:33","guid":{"rendered":"https:\/\/www.ifbaiano.edu.br\/unidades\/lapa\/?p=18643"},"modified":"2020-12-14T16:25:08","modified_gmt":"2020-12-14T19:25:08","slug":"escala-fim-ano-2020","status":"publish","type":"post","link":"https:\/\/www.ifbaiano.edu.br\/unidades\/lapa\/2020\/12\/10\/escala-fim-ano-2020\/","title":{"rendered":"Escala de Atendimento durante o recesso de final de ano 2020"},"content":{"rendered":"\n<p align=\"justify\">O Diretor-Geral do Campus Bom Jesus da Lapa, em atendimento ao disposto na Portaria n\u00ba 22.899, de 28 de outubro de 2020, do Minist\u00e9rio da Economia\/Secretaria Especial de Desburocratiza\u00e7\u00e3o, Gest\u00e3o e Governo Digital\/Secretaria de Gest\u00e3o e Desempenho de Pessoal, e seguindo \u00e0s orienta\u00e7\u00f5es da Reitoria do IF Baiano, torna p\u00fablica a escala de atendimento ao p\u00fablico interno e externo para o per\u00edodo de recesso do final do ano 2020.<\/p>\n\n\n\n<div class=\"wp-block-file\"><a href=\"https:\/\/www.ifbaiano.edu.br\/unidades\/lapa\/files\/2020\/12\/ESCALA_REVEZAMENTO-FINAL_ANO_2020-atualizada_14-12.pdf\" target=\"_blank\" rel=\"noreferrer noopener\">Escala de atendimento dos setores (Documento pdf, abre em nova aba)<\/a><\/div>\n\n\n\n<p>Veja nossos contatos <a href=\"https:\/\/www.ifbaiano.edu.br\/unidades\/lapa\/contatos\/\">aqui (Link interno, abre na mesma aba)<\/a><\/p>\n","protected":false},"excerpt":{"rendered":"<p>O Diretor-Geral do Campus Bom Jesus da Lapa, em atendimento ao disposto na Portaria n\u00ba 22.899, de 28 de outubro de 2020, do Minist\u00e9rio da Economia\/Secretaria Especial de Desburocratiza\u00e7\u00e3o, Gest\u00e3o e Governo Digital\/Secretaria de Gest\u00e3o e Desempenho de Pessoal, e seguindo \u00e0s orienta\u00e7\u00f5es da Reitoria do IF Baiano, torna p\u00fablica a escala de atendimento ao [&hellip;]<\/p>\n","protected":false},"author":100,"featured_media":0,"comment_status":"open","ping_status":"open","sticky":false,"template":"","format":"standard","meta":[],"categories":[25,64,24,65],"tags":[],"_links":{"self":[{"href":"https:\/\/www.ifbaiano.edu.br\/unidades\/lapa\/wp-json\/wp\/v2\/posts\/18643"}],"collection":[{"href":"https:\/\/www.ifbaiano.edu.br\/unidades\/lapa\/wp-json\/wp\/v2\/posts"}],"about":[{"href":"https:\/\/www.ifbaiano.edu.br\/unidades\/lapa\/wp-json\/wp\/v2\/types\/post"}],"author":[{"embeddable":true,"href":"https:\/\/www.ifbaiano.edu.br\/unidades\/lapa\/wp-json\/wp\/v2\/users\/100"}],"replies":[{"embeddable":true,"href":"https:\/\/www.ifbaiano.edu.br\/unidades\/lapa\/wp-json\/wp\/v2\/comments?post=18643"}],"version-history":[{"count":9,"href":"https:\/\/www.ifbaiano.edu.br\/unidades\/lapa\/wp-json\/wp\/v2\/posts\/18643\/revisions"}],"predecessor-version":[{"id":18651,"href":"https:\/\/www.ifbaiano.edu.br\/unidades\/lapa\/wp-json\/wp\/v2\/posts\/18643\/revisions\/18651"}],"wp:attachment":[{"href":"https:\/\/www.ifbaiano.edu.br\/unidades\/lapa\/wp-json\/wp\/v2\/media?parent=18643"}],"wp:term":[{"taxonomy":"category","embeddable":true,"href":"https:\/\/www.ifbaiano.edu.br\/unidades\/lapa\/wp-json\/wp\/v2\/categories?post=18643"},{"taxonomy":"post_tag","embeddable":true,"href":"https:\/\/www.ifbaiano.edu.br\/unidades\/lapa\/wp-json\/wp\/v2\/tags?post=18643"}],"curies":[{"name":"wp","href":"https:\/\/api.w.org\/{rel}","templated":true}]}}