{"id":18714,"date":"2020-12-14T07:41:39","date_gmt":"2020-12-14T10:41:39","guid":{"rendered":"https:\/\/www.ifbaiano.edu.br\/unidades\/lapa\/?p=18714"},"modified":"2020-12-14T07:44:49","modified_gmt":"2020-12-14T10:44:49","slug":"dedin-de-prosa-a-ciencia-da-historia-no-combate-a-covid","status":"publish","type":"post","link":"https:\/\/www.ifbaiano.edu.br\/unidades\/lapa\/2020\/12\/14\/dedin-de-prosa-a-ciencia-da-historia-no-combate-a-covid\/","title":{"rendered":"Dedin de Prosa &#8211; A ci\u00eancia da hist\u00f3ria no combate \u00e0 COVID"},"content":{"rendered":"\n<p><p align=\"justify\">No d\u00e9cimo quinto epis\u00f3dio do Dedin de Prosa, o professor Chintamani Santana Alves, professor de Hist\u00f3ria do Campus Itapetinga, discute a import\u00e2ncia da ci\u00eancia da hist\u00f3ria no combate \u00e0 pandemia da COVID no Brasil, a partir da an\u00e1lise de contexto e da experi\u00eancia humana.<\/p><\/p>\n\n\n\n<p>Clique na imagem para ouvir.<\/p>\n\n\n\n<figure class=\"wp-block-image size-large\"><a href=\"https:\/\/anchor.fm\/dedin-de-prosa\/episodes\/Episdio-14---A-cincia-da-histria-no-combate--COVID-enmidj\/a-a2r158p\" target=\"_blank\" rel=\"noopener noreferrer\"><img decoding=\"async\" loading=\"lazy\" width=\"1080\" height=\"1080\" src=\"https:\/\/www.ifbaiano.edu.br\/unidades\/lapa\/files\/2020\/06\/dedin-de-prosa-lapa-itapetinga.png\" alt=\"\" class=\"wp-image-16271\"><\/a><figcaption align=\"center\">A ci\u00eancia da hist\u00f3ria no combate \u00e0 COVID<\/figcaption><\/figure>\n","protected":false},"excerpt":{"rendered":"<p>No d\u00e9cimo quinto epis\u00f3dio do Dedin de Prosa, o professor Chintamani Santana Alves, professor de Hist\u00f3ria do Campus Itapetinga, discute a import\u00e2ncia da ci\u00eancia da hist\u00f3ria no combate \u00e0 pandemia da COVID no Brasil, a partir da an\u00e1lise de contexto e da experi\u00eancia humana. Clique na imagem para ouvir. A ci\u00eancia da hist\u00f3ria no combate [&hellip;]<\/p>\n","protected":false},"author":100,"featured_media":16271,"comment_status":"open","ping_status":"open","sticky":false,"template":"","format":"standard","meta":[],"categories":[64,24,40,65],"tags":[],"_links":{"self":[{"href":"https:\/\/www.ifbaiano.edu.br\/unidades\/lapa\/wp-json\/wp\/v2\/posts\/18714"}],"collection":[{"href":"https:\/\/www.ifbaiano.edu.br\/unidades\/lapa\/wp-json\/wp\/v2\/posts"}],"about":[{"href":"https:\/\/www.ifbaiano.edu.br\/unidades\/lapa\/wp-json\/wp\/v2\/types\/post"}],"author":[{"embeddable":true,"href":"https:\/\/www.ifbaiano.edu.br\/unidades\/lapa\/wp-json\/wp\/v2\/users\/100"}],"replies":[{"embeddable":true,"href":"https:\/\/www.ifbaiano.edu.br\/unidades\/lapa\/wp-json\/wp\/v2\/comments?post=18714"}],"version-history":[{"count":4,"href":"https:\/\/www.ifbaiano.edu.br\/unidades\/lapa\/wp-json\/wp\/v2\/posts\/18714\/revisions"}],"predecessor-version":[{"id":18718,"href":"https:\/\/www.ifbaiano.edu.br\/unidades\/lapa\/wp-json\/wp\/v2\/posts\/18714\/revisions\/18718"}],"wp:featuredmedia":[{"embeddable":true,"href":"https:\/\/www.ifbaiano.edu.br\/unidades\/lapa\/wp-json\/wp\/v2\/media\/16271"}],"wp:attachment":[{"href":"https:\/\/www.ifbaiano.edu.br\/unidades\/lapa\/wp-json\/wp\/v2\/media?parent=18714"}],"wp:term":[{"taxonomy":"category","embeddable":true,"href":"https:\/\/www.ifbaiano.edu.br\/unidades\/lapa\/wp-json\/wp\/v2\/categories?post=18714"},{"taxonomy":"post_tag","embeddable":true,"href":"https:\/\/www.ifbaiano.edu.br\/unidades\/lapa\/wp-json\/wp\/v2\/tags?post=18714"}],"curies":[{"name":"wp","href":"https:\/\/api.w.org\/{rel}","templated":true}]}}