{"id":1882,"date":"2014-02-13T10:43:24","date_gmt":"2014-02-13T12:43:24","guid":{"rendered":"http:\/\/www.ifbaiano.edu.br\/unidades\/lapa\/?p=1882"},"modified":"2014-02-13T10:46:56","modified_gmt":"2014-02-13T12:46:56","slug":"segunda-chamada-de-matriculas-prorrogada-ate-14022014","status":"publish","type":"post","link":"https:\/\/www.ifbaiano.edu.br\/unidades\/lapa\/2014\/02\/13\/segunda-chamada-de-matriculas-prorrogada-ate-14022014\/","title":{"rendered":"Segunda-Chamada de matr\u00edculas prorrogada at\u00e9 14\/02\/2014"},"content":{"rendered":"<p>Prazo vai at\u00e9 o dia 14\/02\/2014<\/p>\n<p><!--more--><\/p>\n<p>A Dire\u00e7\u00e3o Acad\u00eamica comunica que a segunda chamada de matr\u00edculas foi prorrogada at\u00e9 o dia 14\/02\/2014.<\/p>\n<p>&nbsp;<\/p>\n<p><strong>Per\u00edodo de Matr\u00edcula:<\/strong>\u00a011 a 14 de fevereiro de 2014<br \/>\n<strong>Hor\u00e1rio:<\/strong>\u00a08:00 as 11:30 horas e de 13:30 as 17:30 horas<br \/>\n<strong>Local:\u00a0<\/strong>IFBAIANO \u2013 CAMPUS BOM JESUS DA LAPA<br \/>\n<strong>Setor:<\/strong>\u00a0SRA \u2013 Secretaria de Registros Acad\u00eamicos<\/p>\n<p><strong>DOCUMENTOS NECESS\u00c1RIOS:<\/strong><\/p>\n<p>No ato da matr\u00edcula, o candidato dever\u00e1 preencher a ficha de cadastro fornecida pela SRA e o Question\u00e1rio Socioecon\u00f4mico e apresentar original e c\u00f3pia dos seguintes documentos:<\/p>\n<p>a) Hist\u00f3rico Escolar do Ensino M\u00e9dio e\/ou Atestado de Conclus\u00e3o (provisoriamente), emitido por Institui\u00e7\u00e3o Oficial de Ensino;<\/p>\n<p>b) Carteira de Identidade \u2013 RG e Cadastro de Pessoa F\u00edsica \u2013 CPF;<\/p>\n<p>c) Certid\u00e3o de Nascimento ou Casamento;<\/p>\n<p>d) T\u00edtulo de Eleitor e Certid\u00e3o de Quita\u00e7\u00e3o Eleitoral, para maiores de 18 anos (solicitar no cart\u00f3rio eleitoral ou no site:\u00a0<a href=\"http:\/\/www.tre-ba.gov.br\/\">www.tre-ba.gov.br<\/a>).<\/p>\n<p>e) Documento comprobat\u00f3rio de regularidade com o Servi\u00e7o Militar, para os alunos a partir dos 18 (dezoito) anos do sexo masculino;<\/p>\n<p>f) Procura\u00e7\u00e3o com firma reconhecida, quando a matr\u00edcula for efetuada por terceiros;<\/p>\n<p>g) Comprovante de Resid\u00eancia;<\/p>\n<p>h) 06 (seis) fotos 3\u00d74 iguais e recentes;<\/p>\n<p>i) CPF e RG dos respons\u00e1veis pelos menores de 18 (dezoito anos);<\/p>\n<p>j) Certifica\u00e7\u00e3o de Conclus\u00e3o do Ensino M\u00e9dio com base nas notas do Exame Nacional do Ensino M\u00e9dio \u2013 ENEM, se for o caso.<\/p>\n<p>&nbsp;<\/p>\n<p>Fonte: Diretoria Acad\u00eamica<\/p>\n","protected":false},"excerpt":{"rendered":"<p>Prazo vai at\u00e9 o dia 14\/02\/2014<\/p>\n","protected":false},"author":41,"featured_media":0,"comment_status":"open","ping_status":"open","sticky":false,"template":"","format":"standard","meta":[],"categories":[1],"tags":[],"_links":{"self":[{"href":"https:\/\/www.ifbaiano.edu.br\/unidades\/lapa\/wp-json\/wp\/v2\/posts\/1882"}],"collection":[{"href":"https:\/\/www.ifbaiano.edu.br\/unidades\/lapa\/wp-json\/wp\/v2\/posts"}],"about":[{"href":"https:\/\/www.ifbaiano.edu.br\/unidades\/lapa\/wp-json\/wp\/v2\/types\/post"}],"author":[{"embeddable":true,"href":"https:\/\/www.ifbaiano.edu.br\/unidades\/lapa\/wp-json\/wp\/v2\/users\/41"}],"replies":[{"embeddable":true,"href":"https:\/\/www.ifbaiano.edu.br\/unidades\/lapa\/wp-json\/wp\/v2\/comments?post=1882"}],"version-history":[{"count":5,"href":"https:\/\/www.ifbaiano.edu.br\/unidades\/lapa\/wp-json\/wp\/v2\/posts\/1882\/revisions"}],"predecessor-version":[{"id":1885,"href":"https:\/\/www.ifbaiano.edu.br\/unidades\/lapa\/wp-json\/wp\/v2\/posts\/1882\/revisions\/1885"}],"wp:attachment":[{"href":"https:\/\/www.ifbaiano.edu.br\/unidades\/lapa\/wp-json\/wp\/v2\/media?parent=1882"}],"wp:term":[{"taxonomy":"category","embeddable":true,"href":"https:\/\/www.ifbaiano.edu.br\/unidades\/lapa\/wp-json\/wp\/v2\/categories?post=1882"},{"taxonomy":"post_tag","embeddable":true,"href":"https:\/\/www.ifbaiano.edu.br\/unidades\/lapa\/wp-json\/wp\/v2\/tags?post=1882"}],"curies":[{"name":"wp","href":"https:\/\/api.w.org\/{rel}","templated":true}]}}