{"id":1889,"date":"2014-02-14T15:43:44","date_gmt":"2014-02-14T17:43:44","guid":{"rendered":"http:\/\/www.ifbaiano.edu.br\/unidades\/lapa\/?p=1889"},"modified":"2014-02-14T15:49:00","modified_gmt":"2014-02-14T17:49:00","slug":"aula-inaugural-2014-1-if-baiano-campus-lapa","status":"publish","type":"post","link":"https:\/\/www.ifbaiano.edu.br\/unidades\/lapa\/2014\/02\/14\/aula-inaugural-2014-1-if-baiano-campus-lapa\/","title":{"rendered":"Aula Inaugural 2014.1 &#8211; IF Baiano &#8211; Campus Lapa"},"content":{"rendered":"<p>&nbsp;<\/p>\n<p>&nbsp;<\/p>\n<p>O evento acontecer\u00e1 na pr\u00f3xima segunda-feira, 17\/02\/2014, \u00e0s 8:00 horas. Confira o convite!<\/p>\n<p>A Dire\u00e7\u00e3o Acad\u00eamica comunica ainda que na segunda-feira s\u00f3 haver\u00e1 a aula inaugural, no turno matutino.<\/p>\n<p><!--more--><br \/>\n<a href=\"http:\/\/www.ifbaiano.edu.br\/unidades\/lapa\/files\/2014\/02\/convite.jpg\"><img decoding=\"async\" loading=\"lazy\" class=\"aligncenter size-full wp-image-1890\" src=\"http:\/\/www.ifbaiano.edu.br\/unidades\/lapa\/files\/2014\/02\/convite.jpg\" alt=\"\" width=\"621\" height=\"441\" srcset=\"https:\/\/www.ifbaiano.edu.br\/unidades\/lapa\/files\/2014\/02\/convite.jpg 621w, https:\/\/www.ifbaiano.edu.br\/unidades\/lapa\/files\/2014\/02\/convite-300x213.jpg 300w, https:\/\/www.ifbaiano.edu.br\/unidades\/lapa\/files\/2014\/02\/convite-400x284.jpg 400w\" sizes=\"(max-width: 621px) 100vw, 621px\" \/><\/a><\/p>\n","protected":false},"excerpt":{"rendered":"<p>&nbsp; &nbsp; O evento acontecer\u00e1 na pr\u00f3xima segunda-feira, 17\/02\/2014, \u00e0s 8:00 horas. Confira o convite! A Dire\u00e7\u00e3o Acad\u00eamica comunica ainda que na segunda-feira s\u00f3 haver\u00e1 a aula inaugural, no turno matutino.<\/p>\n","protected":false},"author":41,"featured_media":0,"comment_status":"open","ping_status":"open","sticky":false,"template":"","format":"standard","meta":[],"categories":[38],"tags":[],"_links":{"self":[{"href":"https:\/\/www.ifbaiano.edu.br\/unidades\/lapa\/wp-json\/wp\/v2\/posts\/1889"}],"collection":[{"href":"https:\/\/www.ifbaiano.edu.br\/unidades\/lapa\/wp-json\/wp\/v2\/posts"}],"about":[{"href":"https:\/\/www.ifbaiano.edu.br\/unidades\/lapa\/wp-json\/wp\/v2\/types\/post"}],"author":[{"embeddable":true,"href":"https:\/\/www.ifbaiano.edu.br\/unidades\/lapa\/wp-json\/wp\/v2\/users\/41"}],"replies":[{"embeddable":true,"href":"https:\/\/www.ifbaiano.edu.br\/unidades\/lapa\/wp-json\/wp\/v2\/comments?post=1889"}],"version-history":[{"count":3,"href":"https:\/\/www.ifbaiano.edu.br\/unidades\/lapa\/wp-json\/wp\/v2\/posts\/1889\/revisions"}],"predecessor-version":[{"id":1892,"href":"https:\/\/www.ifbaiano.edu.br\/unidades\/lapa\/wp-json\/wp\/v2\/posts\/1889\/revisions\/1892"}],"wp:attachment":[{"href":"https:\/\/www.ifbaiano.edu.br\/unidades\/lapa\/wp-json\/wp\/v2\/media?parent=1889"}],"wp:term":[{"taxonomy":"category","embeddable":true,"href":"https:\/\/www.ifbaiano.edu.br\/unidades\/lapa\/wp-json\/wp\/v2\/categories?post=1889"},{"taxonomy":"post_tag","embeddable":true,"href":"https:\/\/www.ifbaiano.edu.br\/unidades\/lapa\/wp-json\/wp\/v2\/tags?post=1889"}],"curies":[{"name":"wp","href":"https:\/\/api.w.org\/{rel}","templated":true}]}}