{"id":19209,"date":"2021-01-28T14:46:07","date_gmt":"2021-01-28T17:46:07","guid":{"rendered":"https:\/\/www.ifbaiano.edu.br\/unidades\/lapa\/?p=19209"},"modified":"2021-01-28T14:48:51","modified_gmt":"2021-01-28T17:48:51","slug":"live-projeto-de-extensao-semear-agroecologico","status":"publish","type":"post","link":"https:\/\/www.ifbaiano.edu.br\/unidades\/lapa\/2021\/01\/28\/live-projeto-de-extensao-semear-agroecologico\/","title":{"rendered":"Live Projeto de Extens\u00e3o &#8220;Semear Agroecol\u00f3gico&#8221;"},"content":{"rendered":"\n<p align=\"justify\">Roda de Conversa &#8211; Apresenta\u00e7\u00e3o \u00e0s comunidades acad\u00eamica e externa do Projeto de Extens\u00e3o &#8220;Semear Agroecol\u00f3gico: um estratagema de reinser\u00e7\u00e3o social na Comunidade Terap\u00eautica Vida Nova, de Bom Jesus da Lapa- BA. Data: 29\/01\/2021 \/ Hor\u00e1rio: 9h \u00e0s 11h.<\/p>\n\n\n\n<figure class=\"wp-block-embed-youtube wp-block-embed is-type-video is-provider-youtube wp-embed-aspect-16-9 wp-has-aspect-ratio\" align=\"center\"><div class=\"wp-block-embed__wrapper\">\n<iframe loading=\"lazy\" title=\"Roda de Conversa - Projeto de Extens\u00e3o &quot;Semear Agroecol\u00f3gico&quot;\" width=\"500\" height=\"281\" src=\"https:\/\/www.youtube.com\/embed\/b4YKE0wnNSM?feature=oembed\" frameborder=\"0\" allow=\"accelerometer; autoplay; clipboard-write; encrypted-media; gyroscope; picture-in-picture\" allowfullscreen><\/iframe>\n<\/div><figcaption>Roda de Conversa &#8211; Projeto de Extens\u00e3o &#8220;Semear Agroecol\u00f3gico&#8221;<\/figcaption><\/figure>\n","protected":false},"excerpt":{"rendered":"<p>Roda de Conversa &#8211; Apresenta\u00e7\u00e3o \u00e0s comunidades acad\u00eamica e externa do Projeto de Extens\u00e3o &#8220;Semear Agroecol\u00f3gico: um estratagema de reinser\u00e7\u00e3o social na Comunidade Terap\u00eautica Vida Nova, de Bom Jesus da Lapa- BA. Data: 29\/01\/2021 \/ Hor\u00e1rio: 9h \u00e0s 11h. Roda de Conversa &#8211; Projeto de Extens\u00e3o &#8220;Semear Agroecol\u00f3gico&#8221;<\/p>\n","protected":false},"author":100,"featured_media":19215,"comment_status":"open","ping_status":"open","sticky":false,"template":"","format":"standard","meta":[],"categories":[64,24,40,65],"tags":[],"_links":{"self":[{"href":"https:\/\/www.ifbaiano.edu.br\/unidades\/lapa\/wp-json\/wp\/v2\/posts\/19209"}],"collection":[{"href":"https:\/\/www.ifbaiano.edu.br\/unidades\/lapa\/wp-json\/wp\/v2\/posts"}],"about":[{"href":"https:\/\/www.ifbaiano.edu.br\/unidades\/lapa\/wp-json\/wp\/v2\/types\/post"}],"author":[{"embeddable":true,"href":"https:\/\/www.ifbaiano.edu.br\/unidades\/lapa\/wp-json\/wp\/v2\/users\/100"}],"replies":[{"embeddable":true,"href":"https:\/\/www.ifbaiano.edu.br\/unidades\/lapa\/wp-json\/wp\/v2\/comments?post=19209"}],"version-history":[{"count":8,"href":"https:\/\/www.ifbaiano.edu.br\/unidades\/lapa\/wp-json\/wp\/v2\/posts\/19209\/revisions"}],"predecessor-version":[{"id":19218,"href":"https:\/\/www.ifbaiano.edu.br\/unidades\/lapa\/wp-json\/wp\/v2\/posts\/19209\/revisions\/19218"}],"wp:featuredmedia":[{"embeddable":true,"href":"https:\/\/www.ifbaiano.edu.br\/unidades\/lapa\/wp-json\/wp\/v2\/media\/19215"}],"wp:attachment":[{"href":"https:\/\/www.ifbaiano.edu.br\/unidades\/lapa\/wp-json\/wp\/v2\/media?parent=19209"}],"wp:term":[{"taxonomy":"category","embeddable":true,"href":"https:\/\/www.ifbaiano.edu.br\/unidades\/lapa\/wp-json\/wp\/v2\/categories?post=19209"},{"taxonomy":"post_tag","embeddable":true,"href":"https:\/\/www.ifbaiano.edu.br\/unidades\/lapa\/wp-json\/wp\/v2\/tags?post=19209"}],"curies":[{"name":"wp","href":"https:\/\/api.w.org\/{rel}","templated":true}]}}