{"id":19219,"date":"2021-02-01T11:17:21","date_gmt":"2021-02-01T14:17:21","guid":{"rendered":"https:\/\/www.ifbaiano.edu.br\/unidades\/lapa\/?p=19219"},"modified":"2021-02-01T11:18:26","modified_gmt":"2021-02-01T14:18:26","slug":"reuniao-de-pais","status":"publish","type":"post","link":"https:\/\/www.ifbaiano.edu.br\/unidades\/lapa\/2021\/02\/01\/reuniao-de-pais\/","title":{"rendered":"Reuni\u00e3o de Pais"},"content":{"rendered":"\n<p align=\"justify\">A Dire\u00e7\u00e3o Acad\u00eamica do IF Baiano <em>Campus<\/em> Bom Jesus da Lapa comunica a todos que na pr\u00f3xima\u00a0quarta-feira, dia\u00a003\/02\/2020, a partir das 19:30, realizar\u00e1 um encontro com pais\/respons\u00e1veis e estudantes das turmas dos 1\u00ba anos dos cursos t\u00e9cnicos modalidade integrado. O objetivo \u00e9 discutir sobre o andamento das atividades n\u00e3o presenciais e outras a\u00e7\u00f5es voltadas para execu\u00e7\u00e3o das APNP. A reuni\u00e3o ocorrer\u00e1 de forma <em>online<\/em> e o <em>link <\/em>de acesso ser\u00e1 disponibilizado pelas coordena\u00e7\u00f5es dos respectivos cursos.<\/p>\n\n\n\n<figure class=\"wp-block-image size-large\"><img decoding=\"async\" loading=\"lazy\" width=\"642\" height=\"643\" src=\"https:\/\/www.ifbaiano.edu.br\/unidades\/lapa\/files\/2021\/02\/reuniao-pais-primeiro-ano-2021-02-03.jpeg\" alt=\"\" class=\"wp-image-19221\" \/><\/figure>\n","protected":false},"excerpt":{"rendered":"<p>A Dire\u00e7\u00e3o Acad\u00eamica do IF Baiano Campus Bom Jesus da Lapa comunica a todos que na pr\u00f3xima\u00a0quarta-feira, dia\u00a003\/02\/2020, a partir das 19:30, realizar\u00e1 um encontro com pais\/respons\u00e1veis e estudantes das turmas dos 1\u00ba anos dos cursos t\u00e9cnicos modalidade integrado. O objetivo \u00e9 discutir sobre o andamento das atividades n\u00e3o presenciais e outras a\u00e7\u00f5es voltadas para [&hellip;]<\/p>\n","protected":false},"author":100,"featured_media":19221,"comment_status":"open","ping_status":"open","sticky":false,"template":"","format":"standard","meta":[],"categories":[64,39,30,50,24,68,65],"tags":[],"_links":{"self":[{"href":"https:\/\/www.ifbaiano.edu.br\/unidades\/lapa\/wp-json\/wp\/v2\/posts\/19219"}],"collection":[{"href":"https:\/\/www.ifbaiano.edu.br\/unidades\/lapa\/wp-json\/wp\/v2\/posts"}],"about":[{"href":"https:\/\/www.ifbaiano.edu.br\/unidades\/lapa\/wp-json\/wp\/v2\/types\/post"}],"author":[{"embeddable":true,"href":"https:\/\/www.ifbaiano.edu.br\/unidades\/lapa\/wp-json\/wp\/v2\/users\/100"}],"replies":[{"embeddable":true,"href":"https:\/\/www.ifbaiano.edu.br\/unidades\/lapa\/wp-json\/wp\/v2\/comments?post=19219"}],"version-history":[{"count":3,"href":"https:\/\/www.ifbaiano.edu.br\/unidades\/lapa\/wp-json\/wp\/v2\/posts\/19219\/revisions"}],"predecessor-version":[{"id":19223,"href":"https:\/\/www.ifbaiano.edu.br\/unidades\/lapa\/wp-json\/wp\/v2\/posts\/19219\/revisions\/19223"}],"wp:featuredmedia":[{"embeddable":true,"href":"https:\/\/www.ifbaiano.edu.br\/unidades\/lapa\/wp-json\/wp\/v2\/media\/19221"}],"wp:attachment":[{"href":"https:\/\/www.ifbaiano.edu.br\/unidades\/lapa\/wp-json\/wp\/v2\/media?parent=19219"}],"wp:term":[{"taxonomy":"category","embeddable":true,"href":"https:\/\/www.ifbaiano.edu.br\/unidades\/lapa\/wp-json\/wp\/v2\/categories?post=19219"},{"taxonomy":"post_tag","embeddable":true,"href":"https:\/\/www.ifbaiano.edu.br\/unidades\/lapa\/wp-json\/wp\/v2\/tags?post=19219"}],"curies":[{"name":"wp","href":"https:\/\/api.w.org\/{rel}","templated":true}]}}