{"id":19224,"date":"2021-02-01T11:28:41","date_gmt":"2021-02-01T14:28:41","guid":{"rendered":"https:\/\/www.ifbaiano.edu.br\/unidades\/lapa\/?p=19224"},"modified":"2021-02-01T11:28:41","modified_gmt":"2021-02-01T14:28:41","slug":"nota-de-esclarecimento-auxilio-inclusao-digital","status":"publish","type":"post","link":"https:\/\/www.ifbaiano.edu.br\/unidades\/lapa\/2021\/02\/01\/nota-de-esclarecimento-auxilio-inclusao-digital\/","title":{"rendered":"Nota de Esclarecimento &#8211; Aux\u00edlio Inclus\u00e3o Digital"},"content":{"rendered":"\n<p>Prezados (as) Estudantes,<\/p>\n\n\n\n<p align=\"justify\">No final de 2020 foi realizada uma verdadeira for\u00e7a tarefa para que o Edital 18\/2020 (Aux\u00edlio Inclus\u00e3o Digital) fosse estabelecido em tempo h\u00e1bil para realiza\u00e7\u00e3o do empenho do recurso. A Assist\u00eancia Estudantil encaminhou a solicita\u00e7\u00e3o de todos os pagamentos de aux\u00edlio digital na 1\u00b0 semana\u00a0de janeiro\u00a0de 2021, por\u00e9m para que seja creditado nas contas dos estudantes contemplados, necessitamos de repasse de recurso financeiro proveniente do Governo Federal junto \u00e0 Reitoria que faz a distribui\u00e7\u00e3o para todos os <em>campi<\/em>. Atualmente, a Reitoria do IF Baiano e todos os <em>campi<\/em> est\u00e3o trabalhando com parcelas de 1\/18 avos do or\u00e7amento de 2020, pois ainda n\u00e3o foi aprovado o or\u00e7amento 2021 da Uni\u00e3o. Acreditamos que at\u00e9 o final do m\u00eas\u00a0de fevereiro\u00a0essa situa\u00e7\u00e3o seja resolvida.<\/p>\n","protected":false},"excerpt":{"rendered":"<p>Prezados (as) Estudantes, No final de 2020 foi realizada uma verdadeira for\u00e7a tarefa para que o Edital 18\/2020 (Aux\u00edlio Inclus\u00e3o Digital) fosse estabelecido em tempo h\u00e1bil para realiza\u00e7\u00e3o do empenho do recurso. A Assist\u00eancia Estudantil encaminhou a solicita\u00e7\u00e3o de todos os pagamentos de aux\u00edlio digital na 1\u00b0 semana\u00a0de janeiro\u00a0de 2021, por\u00e9m para que seja creditado [&hellip;]<\/p>\n","protected":false},"author":100,"featured_media":0,"comment_status":"open","ping_status":"open","sticky":false,"template":"","format":"standard","meta":[],"categories":[32,64,39,30,24,65],"tags":[],"_links":{"self":[{"href":"https:\/\/www.ifbaiano.edu.br\/unidades\/lapa\/wp-json\/wp\/v2\/posts\/19224"}],"collection":[{"href":"https:\/\/www.ifbaiano.edu.br\/unidades\/lapa\/wp-json\/wp\/v2\/posts"}],"about":[{"href":"https:\/\/www.ifbaiano.edu.br\/unidades\/lapa\/wp-json\/wp\/v2\/types\/post"}],"author":[{"embeddable":true,"href":"https:\/\/www.ifbaiano.edu.br\/unidades\/lapa\/wp-json\/wp\/v2\/users\/100"}],"replies":[{"embeddable":true,"href":"https:\/\/www.ifbaiano.edu.br\/unidades\/lapa\/wp-json\/wp\/v2\/comments?post=19224"}],"version-history":[{"count":1,"href":"https:\/\/www.ifbaiano.edu.br\/unidades\/lapa\/wp-json\/wp\/v2\/posts\/19224\/revisions"}],"predecessor-version":[{"id":19225,"href":"https:\/\/www.ifbaiano.edu.br\/unidades\/lapa\/wp-json\/wp\/v2\/posts\/19224\/revisions\/19225"}],"wp:attachment":[{"href":"https:\/\/www.ifbaiano.edu.br\/unidades\/lapa\/wp-json\/wp\/v2\/media?parent=19224"}],"wp:term":[{"taxonomy":"category","embeddable":true,"href":"https:\/\/www.ifbaiano.edu.br\/unidades\/lapa\/wp-json\/wp\/v2\/categories?post=19224"},{"taxonomy":"post_tag","embeddable":true,"href":"https:\/\/www.ifbaiano.edu.br\/unidades\/lapa\/wp-json\/wp\/v2\/tags?post=19224"}],"curies":[{"name":"wp","href":"https:\/\/api.w.org\/{rel}","templated":true}]}}