{"id":19298,"date":"2021-02-10T08:37:44","date_gmt":"2021-02-10T11:37:44","guid":{"rendered":"https:\/\/www.ifbaiano.edu.br\/unidades\/lapa\/?p=19298"},"modified":"2021-02-10T08:50:00","modified_gmt":"2021-02-10T11:50:00","slug":"reuniao-online-com-estudantes-dos-cursos-tecnicos-de-nivel-medio","status":"publish","type":"post","link":"https:\/\/www.ifbaiano.edu.br\/unidades\/lapa\/2021\/02\/10\/reuniao-online-com-estudantes-dos-cursos-tecnicos-de-nivel-medio\/","title":{"rendered":"Reuni\u00e3o online com estudantes dos cursos t\u00e9cnicos de n\u00edvel m\u00e9dio"},"content":{"rendered":"\n<p><p align=\"justify\">A Coordena\u00e7\u00e3o de Est\u00e1gio do IF Baiano <em>Campus<\/em> Bom Jesus da Lapa comunica a todas\/os que na pr\u00f3xima sexta-feira, dia 12\/02\/2021, realizar\u00e1 um encontro com os estudantes dos cursos t\u00e9cnicos, modalidades integrado e subsequente. O objetivo \u00e9 discutir sobre realiza\u00e7\u00e3o do est\u00e1gio curricular obrigat\u00f3rio durante a execu\u00e7\u00e3o das Atividades Pedag\u00f3gicas N\u00e3o Presenciais (APNP).<\/p><\/p>\n\n\n\n<figure class=\"wp-block-table\"><table border=\"1\"><thead style=\"text-transform:uppercase;font-size:1.2em\"><tr><th>Data<\/th><th>Hor\u00e1rio<\/th><th>P\u00fablico Alvo<\/th><th>Link de acesso<\/th><\/tr><\/thead><tbody><tr><td>12\/02\/2021<\/td><td><p>10h as 12h<\/p><\/td><td align=\"justify\">Estudantes dos Cursos T\u00e9cnicos de N\u00edvel M\u00e9dio modalidade Subsequente<\/td><td><a href=\"https:\/\/youtu.be\/HklFRIEJKMU\" target=\"_blank\" rel=\"noreferrer noopener\">https:\/\/youtu.be\/HklFRIEJKMU<\/a><\/td><\/tr><tr><td>12\/02\/2021<\/td><td>14h as 16h<\/td><td align=\"justify\">Estudantes dos Cursos T\u00e9cnicos de N\u00edvel M\u00e9dio modalidade Integrado<\/td><td><a href=\"https:\/\/youtu.be\/3x1_lpzJzac\" target=\"_blank\" rel=\"noreferrer noopener\">https:\/\/youtu.be\/3x1_lpzJzac<\/a><\/td><\/tr><\/tbody><\/table><\/figure>\n\n\n\n<figure class=\"wp-block-gallery columns-2 is-cropped wp-block-gallery-1 is-layout-flex\"><ul class=\"blocks-gallery-grid\"><li class=\"blocks-gallery-item\"><figure><img decoding=\"async\" loading=\"lazy\" width=\"534\" height=\"534\" src=\"https:\/\/www.ifbaiano.edu.br\/unidades\/lapa\/files\/2021\/02\/reuniao-pais-subsequente.jpeg\" alt=\"\" data-id=\"19320\" data-link=\"https:\/\/www.ifbaiano.edu.br\/unidades\/lapa\/?attachment_id=19320\" class=\"wp-image-19320\" \/><\/figure><\/li><li class=\"blocks-gallery-item\"><figure><img decoding=\"async\" loading=\"lazy\" width=\"534\" height=\"535\" src=\"https:\/\/www.ifbaiano.edu.br\/unidades\/lapa\/files\/2021\/02\/reuniao-pais-integrado.jpeg\" alt=\"\" data-id=\"19321\" data-link=\"https:\/\/www.ifbaiano.edu.br\/unidades\/lapa\/?attachment_id=19321\" class=\"wp-image-19321\" \/><\/figure><\/li><\/ul><\/figure>\n","protected":false},"excerpt":{"rendered":"<p>A Coordena\u00e7\u00e3o de Est\u00e1gio do IF Baiano Campus Bom Jesus da Lapa comunica a todas\/os que na pr\u00f3xima sexta-feira, dia 12\/02\/2021, realizar\u00e1 um encontro com os estudantes dos cursos t\u00e9cnicos, modalidades integrado e subsequente. O objetivo \u00e9 discutir sobre realiza\u00e7\u00e3o do est\u00e1gio curricular obrigat\u00f3rio durante a execu\u00e7\u00e3o das Atividades Pedag\u00f3gicas N\u00e3o Presenciais (APNP). Data Hor\u00e1rio [&hellip;]<\/p>\n","protected":false},"author":100,"featured_media":19322,"comment_status":"open","ping_status":"open","sticky":false,"template":"","format":"standard","meta":[],"categories":[64,39,30,24,68,69,65],"tags":[],"_links":{"self":[{"href":"https:\/\/www.ifbaiano.edu.br\/unidades\/lapa\/wp-json\/wp\/v2\/posts\/19298"}],"collection":[{"href":"https:\/\/www.ifbaiano.edu.br\/unidades\/lapa\/wp-json\/wp\/v2\/posts"}],"about":[{"href":"https:\/\/www.ifbaiano.edu.br\/unidades\/lapa\/wp-json\/wp\/v2\/types\/post"}],"author":[{"embeddable":true,"href":"https:\/\/www.ifbaiano.edu.br\/unidades\/lapa\/wp-json\/wp\/v2\/users\/100"}],"replies":[{"embeddable":true,"href":"https:\/\/www.ifbaiano.edu.br\/unidades\/lapa\/wp-json\/wp\/v2\/comments?post=19298"}],"version-history":[{"count":27,"href":"https:\/\/www.ifbaiano.edu.br\/unidades\/lapa\/wp-json\/wp\/v2\/posts\/19298\/revisions"}],"predecessor-version":[{"id":19328,"href":"https:\/\/www.ifbaiano.edu.br\/unidades\/lapa\/wp-json\/wp\/v2\/posts\/19298\/revisions\/19328"}],"wp:featuredmedia":[{"embeddable":true,"href":"https:\/\/www.ifbaiano.edu.br\/unidades\/lapa\/wp-json\/wp\/v2\/media\/19322"}],"wp:attachment":[{"href":"https:\/\/www.ifbaiano.edu.br\/unidades\/lapa\/wp-json\/wp\/v2\/media?parent=19298"}],"wp:term":[{"taxonomy":"category","embeddable":true,"href":"https:\/\/www.ifbaiano.edu.br\/unidades\/lapa\/wp-json\/wp\/v2\/categories?post=19298"},{"taxonomy":"post_tag","embeddable":true,"href":"https:\/\/www.ifbaiano.edu.br\/unidades\/lapa\/wp-json\/wp\/v2\/tags?post=19298"}],"curies":[{"name":"wp","href":"https:\/\/api.w.org\/{rel}","templated":true}]}}