{"id":1930,"date":"2014-02-24T11:07:43","date_gmt":"2014-02-24T13:07:43","guid":{"rendered":"http:\/\/www.ifbaiano.edu.br\/unidades\/lapa\/?p=1930"},"modified":"2014-02-24T12:36:18","modified_gmt":"2014-02-24T14:36:18","slug":"jornada-pedagogica-do-campus-lapa","status":"publish","type":"post","link":"https:\/\/www.ifbaiano.edu.br\/unidades\/lapa\/2014\/02\/24\/jornada-pedagogica-do-campus-lapa\/","title":{"rendered":"Campus Lapa realiza Jornada Pedag\u00f3gica"},"content":{"rendered":"<p>Evento marcou o in\u00edcio das atividades letivas 2014.<\/p>\n<p><!--more--><\/p>\n<p>No per\u00edodo de 11 a 13 de fevereiro aconteceu no Campus Bom Jesus da Lapa a Jornada Pedag\u00f3gica 2014 com o tema: uma dial\u00e9tica entre o educar e o \u201cquefazer\u201d. \u00a0O evento buscou proporcionar a qualifica\u00e7\u00e3o continuada dos profissionais que atuam na Institui\u00e7\u00e3o, por meio de um processo de reflex\u00e3o e debate de temas diretamente relacionados \u00e0 pr\u00e1xis pedag\u00f3gica e administrativa cotidiana. Nessa Jornada os participantes refletiram sobre a natureza coletiva e dial\u00f3gica do trabalho em educa\u00e7\u00e3o e sobre a import\u00e2ncia do planejamento coletivo para o fortalecimento das aprendizagens.<\/p>\n<p><a href=\"http:\/\/www.ifbaiano.edu.br\/unidades\/lapa\/files\/2014\/02\/Folder-Jornada-2014.pdf\">Acesse aqui o folder do evento<\/a><\/p>\n<p>Vejam algumas fotos do evento:<\/p>\n<p><a href=\"http:\/\/www.ifbaiano.edu.br\/unidades\/lapa\/files\/2014\/02\/DSC06706_2456x1380.jpg\"><img decoding=\"async\" loading=\"lazy\" class=\"alignnone size-medium wp-image-1942\" src=\"http:\/\/www.ifbaiano.edu.br\/unidades\/lapa\/files\/2014\/02\/DSC06706_2456x1380-300x168.jpg\" alt=\"\" width=\"300\" height=\"168\" srcset=\"https:\/\/www.ifbaiano.edu.br\/unidades\/lapa\/files\/2014\/02\/DSC06706_2456x1380-300x168.jpg 300w, https:\/\/www.ifbaiano.edu.br\/unidades\/lapa\/files\/2014\/02\/DSC06706_2456x1380-1024x575.jpg 1024w, https:\/\/www.ifbaiano.edu.br\/unidades\/lapa\/files\/2014\/02\/DSC06706_2456x1380-400x224.jpg 400w\" sizes=\"(max-width: 300px) 100vw, 300px\" \/><\/a><a href=\"http:\/\/www.ifbaiano.edu.br\/unidades\/lapa\/files\/2014\/02\/DSC06711_2456x1380.jpg\"><img decoding=\"async\" loading=\"lazy\" class=\"alignnone size-medium wp-image-1941\" src=\"http:\/\/www.ifbaiano.edu.br\/unidades\/lapa\/files\/2014\/02\/DSC06711_2456x1380-300x168.jpg\" alt=\"\" width=\"300\" height=\"168\" srcset=\"https:\/\/www.ifbaiano.edu.br\/unidades\/lapa\/files\/2014\/02\/DSC06711_2456x1380-300x168.jpg 300w, https:\/\/www.ifbaiano.edu.br\/unidades\/lapa\/files\/2014\/02\/DSC06711_2456x1380-1024x575.jpg 1024w, https:\/\/www.ifbaiano.edu.br\/unidades\/lapa\/files\/2014\/02\/DSC06711_2456x1380-400x224.jpg 400w\" sizes=\"(max-width: 300px) 100vw, 300px\" \/><\/a><a href=\"http:\/\/www.ifbaiano.edu.br\/unidades\/lapa\/files\/2014\/02\/DSC06752_2456x1380.jpg\"><img decoding=\"async\" loading=\"lazy\" class=\"alignnone size-medium wp-image-1940\" src=\"http:\/\/www.ifbaiano.edu.br\/unidades\/lapa\/files\/2014\/02\/DSC06752_2456x1380-300x168.jpg\" alt=\"\" width=\"300\" height=\"168\" srcset=\"https:\/\/www.ifbaiano.edu.br\/unidades\/lapa\/files\/2014\/02\/DSC06752_2456x1380-300x168.jpg 300w, https:\/\/www.ifbaiano.edu.br\/unidades\/lapa\/files\/2014\/02\/DSC06752_2456x1380-1024x575.jpg 1024w, https:\/\/www.ifbaiano.edu.br\/unidades\/lapa\/files\/2014\/02\/DSC06752_2456x1380-400x224.jpg 400w\" sizes=\"(max-width: 300px) 100vw, 300px\" \/><\/a><a href=\"http:\/\/www.ifbaiano.edu.br\/unidades\/lapa\/files\/2014\/02\/DSC06718.jpg\"><img decoding=\"async\" loading=\"lazy\" class=\"alignnone size-medium wp-image-1945\" src=\"http:\/\/www.ifbaiano.edu.br\/unidades\/lapa\/files\/2014\/02\/DSC06718-300x168.jpg\" alt=\"\" width=\"300\" height=\"168\" srcset=\"https:\/\/www.ifbaiano.edu.br\/unidades\/lapa\/files\/2014\/02\/DSC06718-300x168.jpg 300w, https:\/\/www.ifbaiano.edu.br\/unidades\/lapa\/files\/2014\/02\/DSC06718-400x224.jpg 400w, https:\/\/www.ifbaiano.edu.br\/unidades\/lapa\/files\/2014\/02\/DSC06718.jpg 890w\" sizes=\"(max-width: 300px) 100vw, 300px\" \/><\/a><\/p>\n<p>&nbsp;<\/p>\n","protected":false},"excerpt":{"rendered":"<p>Evento marcou o in\u00edcio das atividades letivas 2014.<\/p>\n","protected":false},"author":41,"featured_media":0,"comment_status":"open","ping_status":"open","sticky":false,"template":"","format":"standard","meta":[],"categories":[41],"tags":[],"_links":{"self":[{"href":"https:\/\/www.ifbaiano.edu.br\/unidades\/lapa\/wp-json\/wp\/v2\/posts\/1930"}],"collection":[{"href":"https:\/\/www.ifbaiano.edu.br\/unidades\/lapa\/wp-json\/wp\/v2\/posts"}],"about":[{"href":"https:\/\/www.ifbaiano.edu.br\/unidades\/lapa\/wp-json\/wp\/v2\/types\/post"}],"author":[{"embeddable":true,"href":"https:\/\/www.ifbaiano.edu.br\/unidades\/lapa\/wp-json\/wp\/v2\/users\/41"}],"replies":[{"embeddable":true,"href":"https:\/\/www.ifbaiano.edu.br\/unidades\/lapa\/wp-json\/wp\/v2\/comments?post=1930"}],"version-history":[{"count":8,"href":"https:\/\/www.ifbaiano.edu.br\/unidades\/lapa\/wp-json\/wp\/v2\/posts\/1930\/revisions"}],"predecessor-version":[{"id":1937,"href":"https:\/\/www.ifbaiano.edu.br\/unidades\/lapa\/wp-json\/wp\/v2\/posts\/1930\/revisions\/1937"}],"wp:attachment":[{"href":"https:\/\/www.ifbaiano.edu.br\/unidades\/lapa\/wp-json\/wp\/v2\/media?parent=1930"}],"wp:term":[{"taxonomy":"category","embeddable":true,"href":"https:\/\/www.ifbaiano.edu.br\/unidades\/lapa\/wp-json\/wp\/v2\/categories?post=1930"},{"taxonomy":"post_tag","embeddable":true,"href":"https:\/\/www.ifbaiano.edu.br\/unidades\/lapa\/wp-json\/wp\/v2\/tags?post=1930"}],"curies":[{"name":"wp","href":"https:\/\/api.w.org\/{rel}","templated":true}]}}