{"id":19331,"date":"2021-02-12T17:05:59","date_gmt":"2021-02-12T20:05:59","guid":{"rendered":"https:\/\/www.ifbaiano.edu.br\/unidades\/lapa\/?p=19331"},"modified":"2021-02-12T17:08:35","modified_gmt":"2021-02-12T20:08:35","slug":"reuniao-dos-pais-2o-e-3o-anos-cursos-integrados","status":"publish","type":"post","link":"https:\/\/www.ifbaiano.edu.br\/unidades\/lapa\/2021\/02\/12\/reuniao-dos-pais-2o-e-3o-anos-cursos-integrados\/","title":{"rendered":"Reuni\u00e3o dos Pais (2\u00ba e 3\u00ba anos Cursos Integrados)"},"content":{"rendered":"\n<p align=\"justify\">A Dire\u00e7\u00e3o Acad\u00eamica do IF Baiano <em>Campus<\/em> Bom Jesus da Lapa comunica a todos que na pr\u00f3xima&nbsp;quinta-feira, dia&nbsp;18\/02\/2021, a partir das 19:00, realizar\u00e1 um encontro com pais\/respons\u00e1veis e estudantes das turmas dos 2\u00ba e 3\u00ba anos dos cursos t\u00e9cnicos modalidade integrado. O objetivo \u00e9 discutir sobre o andamento das atividades n\u00e3o presenciais e outras a\u00e7\u00f5es voltadas para execu\u00e7\u00e3o das APNP. A reuni\u00e3o ocorrer\u00e1 de forma&nbsp;<em>online<\/em>&nbsp;e o link de acesso ser\u00e1 disponibilizado pelas coordena\u00e7\u00f5es dos respectivos cursos.<\/p>\n\n\n\n<figure class=\"wp-block-table\"><table border=\"1\"><tr style=\"text-transform:uppercase\"><th>Data<\/th><th>Hor\u00e1rio<\/th><th>Publico Alvo<\/th><th>Link de acesso<\/th><\/tr><\/thead><tbody><tr><td>18\/02\/2021<\/td><td>19h<\/td><td>Estudantes dos Cursos T\u00e9cnicos de N\u00edvel M\u00e9dio (2\u00ba e 3\u00ba anos \u2013 Modalidade Integrado)<\/td><td><a href=\"https:\/\/youtu.be\/eWizlwxsC8k\" target=\"_blank\" rel=\"noreferrer noopener\">https:\/\/youtu.be\/eWizlwxsC8k<\/a><\/td><\/tr><\/tbody><\/table><\/figure>\n\n\n\n<div class=\"wp-block-image\" style=\"margin-top:20px\"><figure class=\"aligncenter size-large\"><img decoding=\"async\" loading=\"lazy\" width=\"533\" height=\"533\" src=\"https:\/\/www.ifbaiano.edu.br\/unidades\/lapa\/files\/2021\/02\/reuniao-pais-2021-02-18.jpeg\" alt=\"\" class=\"wp-image-19338\" \/><\/figure><\/div>\n","protected":false},"excerpt":{"rendered":"<p>A Dire\u00e7\u00e3o Acad\u00eamica do IF Baiano Campus Bom Jesus da Lapa comunica a todos que na pr\u00f3xima&nbsp;quinta-feira, dia&nbsp;18\/02\/2021, a partir das 19:00, realizar\u00e1 um encontro com pais\/respons\u00e1veis e estudantes das turmas dos 2\u00ba e 3\u00ba anos dos cursos t\u00e9cnicos modalidade integrado. O objetivo \u00e9 discutir sobre o andamento das atividades n\u00e3o presenciais e outras a\u00e7\u00f5es [&hellip;]<\/p>\n","protected":false},"author":100,"featured_media":19338,"comment_status":"open","ping_status":"open","sticky":false,"template":"","format":"standard","meta":[],"categories":[64,39,30,24,68,65],"tags":[],"_links":{"self":[{"href":"https:\/\/www.ifbaiano.edu.br\/unidades\/lapa\/wp-json\/wp\/v2\/posts\/19331"}],"collection":[{"href":"https:\/\/www.ifbaiano.edu.br\/unidades\/lapa\/wp-json\/wp\/v2\/posts"}],"about":[{"href":"https:\/\/www.ifbaiano.edu.br\/unidades\/lapa\/wp-json\/wp\/v2\/types\/post"}],"author":[{"embeddable":true,"href":"https:\/\/www.ifbaiano.edu.br\/unidades\/lapa\/wp-json\/wp\/v2\/users\/100"}],"replies":[{"embeddable":true,"href":"https:\/\/www.ifbaiano.edu.br\/unidades\/lapa\/wp-json\/wp\/v2\/comments?post=19331"}],"version-history":[{"count":9,"href":"https:\/\/www.ifbaiano.edu.br\/unidades\/lapa\/wp-json\/wp\/v2\/posts\/19331\/revisions"}],"predecessor-version":[{"id":19342,"href":"https:\/\/www.ifbaiano.edu.br\/unidades\/lapa\/wp-json\/wp\/v2\/posts\/19331\/revisions\/19342"}],"wp:featuredmedia":[{"embeddable":true,"href":"https:\/\/www.ifbaiano.edu.br\/unidades\/lapa\/wp-json\/wp\/v2\/media\/19338"}],"wp:attachment":[{"href":"https:\/\/www.ifbaiano.edu.br\/unidades\/lapa\/wp-json\/wp\/v2\/media?parent=19331"}],"wp:term":[{"taxonomy":"category","embeddable":true,"href":"https:\/\/www.ifbaiano.edu.br\/unidades\/lapa\/wp-json\/wp\/v2\/categories?post=19331"},{"taxonomy":"post_tag","embeddable":true,"href":"https:\/\/www.ifbaiano.edu.br\/unidades\/lapa\/wp-json\/wp\/v2\/tags?post=19331"}],"curies":[{"name":"wp","href":"https:\/\/api.w.org\/{rel}","templated":true}]}}