{"id":19343,"date":"2021-02-17T11:44:41","date_gmt":"2021-02-17T14:44:41","guid":{"rendered":"https:\/\/www.ifbaiano.edu.br\/unidades\/lapa\/?p=19343"},"modified":"2021-02-17T13:48:15","modified_gmt":"2021-02-17T16:48:15","slug":"planejamento-e-organizacao-de-rotina-de-estudos-dos-cursos-integrado-apnp","status":"publish","type":"post","link":"https:\/\/www.ifbaiano.edu.br\/unidades\/lapa\/2021\/02\/17\/planejamento-e-organizacao-de-rotina-de-estudos-dos-cursos-integrado-apnp\/","title":{"rendered":"Planejamento e Organiza\u00e7\u00e3o de Rotina de Estudos dos cursos Integrado (APNP)"},"content":{"rendered":"\n<p align=\"justify\">Na pr\u00f3xima sexta-feira, dia 19\/02\/2021, o Campus Bom Jesus da Lapa realizar\u00e1 um encontro com os estudantes dos Cursos T\u00e9cnicos Integrados em Agricultura, Agroecologia e Inform\u00e1tica para tratar do planejamento e organiza\u00e7\u00e3o da rotina de estudo durante as Atividades Pedag\u00f3gicas n\u00e3o Presenciais (APNP). Ser\u00e3o discutidas quest\u00f5es relacionadas ao acesso ao moodle; participa\u00e7\u00e3o; avalia\u00e7\u00e3o; rotina de estudos; suporte pedag\u00f3gico e psicossocial. Essa a\u00e7\u00e3o \u00e9 articulada junto aos n\u00facleos de assessoramento pedag\u00f3gico e psicossocial, NUAPE, NAPSI e NAPNE, e surge da necessidade de interven\u00e7\u00e3o junto aos estudantes, a partir dos relatos de acompanhamento psicopedag\u00f3gico realizados durante os ciclos formativos.<\/p>\n\n\n\n<figure class=\"wp-block-table\"><table border=\"1\"><tr style=\"text-transform:uppercase\"><th>Data<\/th><th>Hor\u00e1rio<\/th><th>Publico Alvo<\/th><th>Link de acesso<\/th><\/tr><\/thead><tbody><tr><td>19\/02\/2021<\/td><td>14h<\/td><td>Estudantes dos Cursos T\u00e9cnicos Integrados<\/td><td><a href=\"https:\/\/youtu.be\/wVRAEkaN368\" target=\"_blank\" rel=\"noreferrer noopener\">https:\/\/youtu.be\/wVRAEkaN368<\/a><\/td><\/tr><\/tbody><\/table><\/figure>\n\n\n\n<figure class=\"wp-block-image size-large\"><img decoding=\"async\" loading=\"lazy\" width=\"1066\" height=\"933\" src=\"https:\/\/www.ifbaiano.edu.br\/unidades\/lapa\/files\/2021\/02\/planejamento-integrado-2021-02-19.jpeg\" alt=\"\" class=\"wp-image-19347\" \/><\/figure>\n","protected":false},"excerpt":{"rendered":"<p>Na pr\u00f3xima sexta-feira, dia 19\/02\/2021, o Campus Bom Jesus da Lapa realizar\u00e1 um encontro com os estudantes dos Cursos T\u00e9cnicos Integrados em Agricultura, Agroecologia e Inform\u00e1tica para tratar do planejamento e organiza\u00e7\u00e3o da rotina de estudo durante as Atividades Pedag\u00f3gicas n\u00e3o Presenciais (APNP). Ser\u00e3o discutidas quest\u00f5es relacionadas ao acesso ao moodle; participa\u00e7\u00e3o; avalia\u00e7\u00e3o; rotina de [&hellip;]<\/p>\n","protected":false},"author":100,"featured_media":19347,"comment_status":"open","ping_status":"open","sticky":false,"template":"","format":"standard","meta":[],"categories":[64,39,30,24,68,65],"tags":[],"_links":{"self":[{"href":"https:\/\/www.ifbaiano.edu.br\/unidades\/lapa\/wp-json\/wp\/v2\/posts\/19343"}],"collection":[{"href":"https:\/\/www.ifbaiano.edu.br\/unidades\/lapa\/wp-json\/wp\/v2\/posts"}],"about":[{"href":"https:\/\/www.ifbaiano.edu.br\/unidades\/lapa\/wp-json\/wp\/v2\/types\/post"}],"author":[{"embeddable":true,"href":"https:\/\/www.ifbaiano.edu.br\/unidades\/lapa\/wp-json\/wp\/v2\/users\/100"}],"replies":[{"embeddable":true,"href":"https:\/\/www.ifbaiano.edu.br\/unidades\/lapa\/wp-json\/wp\/v2\/comments?post=19343"}],"version-history":[{"count":6,"href":"https:\/\/www.ifbaiano.edu.br\/unidades\/lapa\/wp-json\/wp\/v2\/posts\/19343\/revisions"}],"predecessor-version":[{"id":19350,"href":"https:\/\/www.ifbaiano.edu.br\/unidades\/lapa\/wp-json\/wp\/v2\/posts\/19343\/revisions\/19350"}],"wp:featuredmedia":[{"embeddable":true,"href":"https:\/\/www.ifbaiano.edu.br\/unidades\/lapa\/wp-json\/wp\/v2\/media\/19347"}],"wp:attachment":[{"href":"https:\/\/www.ifbaiano.edu.br\/unidades\/lapa\/wp-json\/wp\/v2\/media?parent=19343"}],"wp:term":[{"taxonomy":"category","embeddable":true,"href":"https:\/\/www.ifbaiano.edu.br\/unidades\/lapa\/wp-json\/wp\/v2\/categories?post=19343"},{"taxonomy":"post_tag","embeddable":true,"href":"https:\/\/www.ifbaiano.edu.br\/unidades\/lapa\/wp-json\/wp\/v2\/tags?post=19343"}],"curies":[{"name":"wp","href":"https:\/\/api.w.org\/{rel}","templated":true}]}}