{"id":194,"date":"2012-01-26T12:41:20","date_gmt":"2012-01-26T12:41:20","guid":{"rendered":"http:\/\/www.ifbaiano.edu.br\/unidades\/lapa\/?p=194"},"modified":"2012-03-10T12:01:49","modified_gmt":"2012-03-10T14:01:49","slug":"if-baiano-campus-bom-jesus-da-lapa-realiza-selecao-para-contratar-professores-temporarios-de-informatica","status":"publish","type":"post","link":"https:\/\/www.ifbaiano.edu.br\/unidades\/lapa\/2012\/01\/26\/if-baiano-campus-bom-jesus-da-lapa-realiza-selecao-para-contratar-professores-temporarios-de-informatica\/","title":{"rendered":"IF Baiano &#8211; Campus Bom Jesus da Lapa realiza sele\u00e7\u00e3o para contratar Professores Tempor\u00e1rios de Inform\u00e1tica"},"content":{"rendered":"<p>O Processo Seletivo destina-se \u00e0 contrata\u00e7\u00e3o, em car\u00e1ter emergencial, de 05 professores para atuarem como Professor Tempor\u00e1rio de Inform\u00e1tica no Ensino B\u00e1sico, T\u00e9cnico e Tecnol\u00f3gico do\u00a0<em>Campus<\/em>\u00a0do IF Baiano em\u00a0<strong>Bom Jesus da Lapa<\/strong>. Os vencimentos salariais variam de R$ 2.130,33 a R$ 3.678,74. As inscri\u00e7\u00f5es ser\u00e3o\u00a0<strong>GRATUITAS,<\/strong>\u00a0sendo realizadas exclusivamente pela internet, no per\u00edodo de\u00a0<strong>25\/01\/2012 a 10\/02\/2012<\/strong>.<\/p>\n<p>Para se inscrever, o candidato dever\u00e1 acessar o s\u00edtio eletr\u00f4nico\u00a0<a href=\"http:\/\/www.ifbaiano.edu.br\/concursos\/aplicacoes\/2012lapa\">http:\/\/www.ifbaiano.edu.br\/concursos\/aplicacoes\/2012lapa<\/a>, preencher e transmitir a ficha de inscri\u00e7\u00e3o\u00a0<em>on line<\/em>, at\u00e9 a data limite estabelecida em edital<strong>.<\/strong><\/p>\n<p>O Instituto Federal de Educa\u00e7\u00e3o, Ci\u00eancia e Tecnologia Baiano (IF Baiano) foi criado em 2008 e \u00e9 uma institui\u00e7\u00e3o de ensino m\u00e9dio e superior, focada na Educa\u00e7\u00e3o Profissional e Tecnol\u00f3gica. Agrega as antigas Escolas Agrot\u00e9cnicas Federais e as Escolas M\u00e9dias de Agropecu\u00e1ria Regionais da Ceplac (EMARC), presentes na Bahia.<\/p>\n<p align=\"left\"><strong>Confira<\/strong><\/p>\n<p align=\"left\"><strong><a href=\"http:\/\/www.ifbaiano.edu.br\/portal\/wp-content\/uploads\/2012\/01\/Edital-Professor-Temporario-Lapa.pdf\" target=\"_blank\">Edital N\u00ba 13<\/a><\/strong><\/p>\n<p align=\"left\"><strong><a href=\"http:\/\/www.ifbaiano.edu.br\/unidades\/lapa\/files\/2012\/01\/retificacao.pdf\">Retifica\u00e7\u00e3o do Edital\u00a0\u00a0N\u00ba 13<\/a>\u00a0<\/strong>(adicionado em 31\/01\/2012)<\/p>\n<p align=\"left\"><strong>O que?\u00a0<\/strong>Sele\u00e7\u00e3o para contrata\u00e7\u00e3o de Professores Tempor\u00e1rios de Inform\u00e1tica<\/p>\n<p><strong>Quando?\u00a0<\/strong>25\/01\/2012 a 10\/02\/2012 (per\u00edodo de inscri\u00e7\u00f5es)<\/p>\n<p><strong>Onde:<a href=\"http:\/\/www.ifbaiano.edu.br\/unidades\/lapa\" target=\"_blank\">\u00a0<\/a><\/strong><a href=\"http:\/\/www.ifbaiano.edu.br\/concursos\/aplicacoes\/2012lapa\">http:\/\/www.ifbaiano.edu.br\/concursos\/aplicacoes\/2012lapa<\/a><\/p>\n<p><strong><a href=\"http:\/\/www.ifbaiano.edu.br\/unidades\/lapa\/2012\/02\/14\/homologacao-dos-inscritos-na-selecao-para-contratar-professores-temporarios-de-informatica\/\">Lista de Inscri\u00e7\u00f5es Homologadas<\/a>\u00a0<\/strong>(adicionado em 14\/02\/2012)<\/p>\n<p><strong><a href=\"http:\/\/www.ifbaiano.edu.br\/unidades\/lapa\/files\/2012\/01\/avisolocaledataprovas.pdf\">Aviso sobre Data e Local das Provas<\/a><\/strong>\u00a0(adicionado em 14\/02\/2012)<\/p>\n<p><strong><a href=\"http:\/\/www.ifbaiano.edu.br\/unidades\/lapa\/files\/2012\/01\/resultadoprocessoseletivoprofessorinformatica.pdf\">Divulgado resultado processo seletivo professor informatica<\/a><\/strong> (adicionado em 05\/03\/2012)<\/p>\n<p><strong><a href=\"http:\/\/www.ifbaiano.edu.br\/unidades\/lapa\/files\/2012\/03\/RESULTADO-FINAL-INFORMATICA.pdf\">RESULTADO FINAL &#8211; INFORMATICA<\/a><\/strong>\u00a0(RETIFICADO) (adicionado em 07\/03\/2012)<\/p>\n<p><strong><a href=\"http:\/\/www.ifbaiano.edu.br\/unidades\/lapa\/files\/2012\/03\/homologado-resultado-final.pdf\">homologado resultado final<\/a><\/strong>\u00a0 (adicionado em 10\/03\/2012)<\/p>\n","protected":false},"excerpt":{"rendered":"<p>O Processo Seletivo destina-se \u00e0 contrata\u00e7\u00e3o, em car\u00e1ter emergencial, de 05 professores para atuarem como Professor Tempor\u00e1rio de Inform\u00e1tica no Ensino B\u00e1sico, T\u00e9cnico e Tecnol\u00f3gico do\u00a0Campus\u00a0do IF Baiano em\u00a0Bom Jesus da Lapa. Os vencimentos salariais variam de R$ 2.130,33 a R$ 3.678,74. As inscri\u00e7\u00f5es ser\u00e3o\u00a0GRATUITAS,\u00a0sendo realizadas exclusivamente pela internet, no per\u00edodo de\u00a025\/01\/2012 a 10\/02\/2012. Para [&hellip;]<\/p>\n","protected":false},"author":23,"featured_media":0,"comment_status":"open","ping_status":"open","sticky":false,"template":"","format":"standard","meta":[],"categories":[1],"tags":[],"_links":{"self":[{"href":"https:\/\/www.ifbaiano.edu.br\/unidades\/lapa\/wp-json\/wp\/v2\/posts\/194"}],"collection":[{"href":"https:\/\/www.ifbaiano.edu.br\/unidades\/lapa\/wp-json\/wp\/v2\/posts"}],"about":[{"href":"https:\/\/www.ifbaiano.edu.br\/unidades\/lapa\/wp-json\/wp\/v2\/types\/post"}],"author":[{"embeddable":true,"href":"https:\/\/www.ifbaiano.edu.br\/unidades\/lapa\/wp-json\/wp\/v2\/users\/23"}],"replies":[{"embeddable":true,"href":"https:\/\/www.ifbaiano.edu.br\/unidades\/lapa\/wp-json\/wp\/v2\/comments?post=194"}],"version-history":[{"count":18,"href":"https:\/\/www.ifbaiano.edu.br\/unidades\/lapa\/wp-json\/wp\/v2\/posts\/194\/revisions"}],"predecessor-version":[{"id":196,"href":"https:\/\/www.ifbaiano.edu.br\/unidades\/lapa\/wp-json\/wp\/v2\/posts\/194\/revisions\/196"}],"wp:attachment":[{"href":"https:\/\/www.ifbaiano.edu.br\/unidades\/lapa\/wp-json\/wp\/v2\/media?parent=194"}],"wp:term":[{"taxonomy":"category","embeddable":true,"href":"https:\/\/www.ifbaiano.edu.br\/unidades\/lapa\/wp-json\/wp\/v2\/categories?post=194"},{"taxonomy":"post_tag","embeddable":true,"href":"https:\/\/www.ifbaiano.edu.br\/unidades\/lapa\/wp-json\/wp\/v2\/tags?post=194"}],"curies":[{"name":"wp","href":"https:\/\/api.w.org\/{rel}","templated":true}]}}