{"id":19473,"date":"2021-03-01T11:15:35","date_gmt":"2021-03-01T14:15:35","guid":{"rendered":"https:\/\/www.ifbaiano.edu.br\/unidades\/lapa\/?p=19473"},"modified":"2021-03-01T11:15:35","modified_gmt":"2021-03-01T14:15:35","slug":"entrevista-sobre-processo-seletivo-2021-e-andamento-das-apnp","status":"publish","type":"post","link":"https:\/\/www.ifbaiano.edu.br\/unidades\/lapa\/2021\/03\/01\/entrevista-sobre-processo-seletivo-2021-e-andamento-das-apnp\/","title":{"rendered":"Entrevista sobre Processo Seletivo 2021 e Andamento das APNP"},"content":{"rendered":"\n<p>Entrevista sobre Processo Seletivo 2021 e andamento das Atividades Pedag\u00f3gicas N\u00e3o Presenciais<br>Diretor Acad\u00eamico, Emerson Alves, e Diretor-Geral, Ge\u00e2ngelo Rosa<br>Data: 02\/03\/2021<br>Hor\u00e1rio: 12h<br>Local: R\u00e1dio Bom Jesus FM 98.1<\/p>\n\n\n\n<figure class=\"wp-block-image size-large\"><img decoding=\"async\" loading=\"lazy\" width=\"1065\" height=\"933\" src=\"https:\/\/www.ifbaiano.edu.br\/unidades\/lapa\/files\/2021\/03\/entrevista-processo-seletivo-apnp-2021-03-02.jpeg\" alt=\"\" class=\"wp-image-19474\" \/><\/figure>\n","protected":false},"excerpt":{"rendered":"<p>Entrevista sobre Processo Seletivo 2021 e andamento das Atividades Pedag\u00f3gicas N\u00e3o PresenciaisDiretor Acad\u00eamico, Emerson Alves, e Diretor-Geral, Ge\u00e2ngelo RosaData: 02\/03\/2021Hor\u00e1rio: 12hLocal: R\u00e1dio Bom Jesus FM 98.1<\/p>\n","protected":false},"author":100,"featured_media":19474,"comment_status":"open","ping_status":"open","sticky":false,"template":"","format":"standard","meta":[],"categories":[25,64,39,24,68,73,69,65],"tags":[],"_links":{"self":[{"href":"https:\/\/www.ifbaiano.edu.br\/unidades\/lapa\/wp-json\/wp\/v2\/posts\/19473"}],"collection":[{"href":"https:\/\/www.ifbaiano.edu.br\/unidades\/lapa\/wp-json\/wp\/v2\/posts"}],"about":[{"href":"https:\/\/www.ifbaiano.edu.br\/unidades\/lapa\/wp-json\/wp\/v2\/types\/post"}],"author":[{"embeddable":true,"href":"https:\/\/www.ifbaiano.edu.br\/unidades\/lapa\/wp-json\/wp\/v2\/users\/100"}],"replies":[{"embeddable":true,"href":"https:\/\/www.ifbaiano.edu.br\/unidades\/lapa\/wp-json\/wp\/v2\/comments?post=19473"}],"version-history":[{"count":1,"href":"https:\/\/www.ifbaiano.edu.br\/unidades\/lapa\/wp-json\/wp\/v2\/posts\/19473\/revisions"}],"predecessor-version":[{"id":19475,"href":"https:\/\/www.ifbaiano.edu.br\/unidades\/lapa\/wp-json\/wp\/v2\/posts\/19473\/revisions\/19475"}],"wp:featuredmedia":[{"embeddable":true,"href":"https:\/\/www.ifbaiano.edu.br\/unidades\/lapa\/wp-json\/wp\/v2\/media\/19474"}],"wp:attachment":[{"href":"https:\/\/www.ifbaiano.edu.br\/unidades\/lapa\/wp-json\/wp\/v2\/media?parent=19473"}],"wp:term":[{"taxonomy":"category","embeddable":true,"href":"https:\/\/www.ifbaiano.edu.br\/unidades\/lapa\/wp-json\/wp\/v2\/categories?post=19473"},{"taxonomy":"post_tag","embeddable":true,"href":"https:\/\/www.ifbaiano.edu.br\/unidades\/lapa\/wp-json\/wp\/v2\/tags?post=19473"}],"curies":[{"name":"wp","href":"https:\/\/api.w.org\/{rel}","templated":true}]}}