{"id":19556,"date":"2021-03-16T13:45:34","date_gmt":"2021-03-16T16:45:34","guid":{"rendered":"https:\/\/www.ifbaiano.edu.br\/unidades\/lapa\/?p=19556"},"modified":"2021-03-16T13:45:34","modified_gmt":"2021-03-16T16:45:34","slug":"edital-sisu-2021-1","status":"publish","type":"post","link":"https:\/\/www.ifbaiano.edu.br\/unidades\/lapa\/2021\/03\/16\/edital-sisu-2021-1\/","title":{"rendered":"Edital SiSU 2021.1"},"content":{"rendered":"\n<p align=\"justify\">Hoje\u00a0foi publicado no DOU e site institucional o Edital n\u00b0 09 de\u00a011 de mar\u00e7o de 2021 &#8211; SiSU 2021.1 &#8211; IF Baiano.<\/p>\n\n\n\n<p align=\"justify\"><a target=\"_blank\" href=\"https:\/\/concurso.ifbaiano.edu.br\/portal\/sisu2021\/\" rel=\"noreferrer noopener\">P\u00e1gina do Edital (P\u00e1gina externa, abre em nova aba)<\/a><\/p>\n\n\n\n<p align=\"justify\">O Edital de matr\u00edcula com os procedimentos necess\u00e1rios para mesma ser\u00e1 publicado de forma posterior, respeitando o cronograma da sele\u00e7\u00e3o.<\/p>\n\n\n\n<figure class=\"wp-block-image size-large\"><img decoding=\"async\" loading=\"lazy\" width=\"1080\" height=\"1080\" src=\"https:\/\/www.ifbaiano.edu.br\/unidades\/lapa\/files\/2021\/03\/card-sisu-2021-bom-jesus-da-lapa.png\" alt=\"\" class=\"wp-image-19558\" \/><\/figure>\n","protected":false},"excerpt":{"rendered":"<p>Hoje\u00a0foi publicado no DOU e site institucional o Edital n\u00b0 09 de\u00a011 de mar\u00e7o de 2021 &#8211; SiSU 2021.1 &#8211; IF Baiano. P\u00e1gina do Edital (P\u00e1gina externa, abre em nova aba) O Edital de matr\u00edcula com os procedimentos necess\u00e1rios para mesma ser\u00e1 publicado de forma posterior, respeitando o cronograma da sele\u00e7\u00e3o.<\/p>\n","protected":false},"author":100,"featured_media":19558,"comment_status":"open","ping_status":"open","sticky":false,"template":"","format":"standard","meta":[],"categories":[64,24,73,70,65],"tags":[],"_links":{"self":[{"href":"https:\/\/www.ifbaiano.edu.br\/unidades\/lapa\/wp-json\/wp\/v2\/posts\/19556"}],"collection":[{"href":"https:\/\/www.ifbaiano.edu.br\/unidades\/lapa\/wp-json\/wp\/v2\/posts"}],"about":[{"href":"https:\/\/www.ifbaiano.edu.br\/unidades\/lapa\/wp-json\/wp\/v2\/types\/post"}],"author":[{"embeddable":true,"href":"https:\/\/www.ifbaiano.edu.br\/unidades\/lapa\/wp-json\/wp\/v2\/users\/100"}],"replies":[{"embeddable":true,"href":"https:\/\/www.ifbaiano.edu.br\/unidades\/lapa\/wp-json\/wp\/v2\/comments?post=19556"}],"version-history":[{"count":3,"href":"https:\/\/www.ifbaiano.edu.br\/unidades\/lapa\/wp-json\/wp\/v2\/posts\/19556\/revisions"}],"predecessor-version":[{"id":19560,"href":"https:\/\/www.ifbaiano.edu.br\/unidades\/lapa\/wp-json\/wp\/v2\/posts\/19556\/revisions\/19560"}],"wp:featuredmedia":[{"embeddable":true,"href":"https:\/\/www.ifbaiano.edu.br\/unidades\/lapa\/wp-json\/wp\/v2\/media\/19558"}],"wp:attachment":[{"href":"https:\/\/www.ifbaiano.edu.br\/unidades\/lapa\/wp-json\/wp\/v2\/media?parent=19556"}],"wp:term":[{"taxonomy":"category","embeddable":true,"href":"https:\/\/www.ifbaiano.edu.br\/unidades\/lapa\/wp-json\/wp\/v2\/categories?post=19556"},{"taxonomy":"post_tag","embeddable":true,"href":"https:\/\/www.ifbaiano.edu.br\/unidades\/lapa\/wp-json\/wp\/v2\/tags?post=19556"}],"curies":[{"name":"wp","href":"https:\/\/api.w.org\/{rel}","templated":true}]}}