{"id":19567,"date":"2021-03-18T11:24:36","date_gmt":"2021-03-18T14:24:36","guid":{"rendered":"https:\/\/www.ifbaiano.edu.br\/unidades\/lapa\/?p=19567"},"modified":"2021-03-18T11:25:31","modified_gmt":"2021-03-18T14:25:31","slug":"live-semear-agroecologico","status":"publish","type":"post","link":"https:\/\/www.ifbaiano.edu.br\/unidades\/lapa\/2021\/03\/18\/live-semear-agroecologico\/","title":{"rendered":"Live Semear agroecol\u00f3gico"},"content":{"rendered":"\n<p align=\"justify\">No dia 19 de mar\u00e7o de 2021, das 14 \u00e0s 16 horas, ocorrer\u00e1 a <em>live<\/em> &#8220;Semear agroecol\u00f3gico CTVN: Encontro formativo&#8221; no canal do <em>campus<\/em> no Youtube.<\/p>\n\n\n\n<figure class=\"wp-block-image size-large\"><img decoding=\"async\" loading=\"lazy\" width=\"1280\" height=\"908\" src=\"https:\/\/www.ifbaiano.edu.br\/unidades\/lapa\/files\/2021\/03\/card-semear-agroecologico.jpeg\" alt=\"\" class=\"wp-image-19569\" \/><\/figure>\n","protected":false},"excerpt":{"rendered":"<p>No dia 19 de mar\u00e7o de 2021, das 14 \u00e0s 16 horas, ocorrer\u00e1 a live &#8220;Semear agroecol\u00f3gico CTVN: Encontro formativo&#8221; no canal do campus no Youtube.<\/p>\n","protected":false},"author":100,"featured_media":19569,"comment_status":"open","ping_status":"open","sticky":false,"template":"","format":"standard","meta":[],"categories":[64,24,40,65],"tags":[],"_links":{"self":[{"href":"https:\/\/www.ifbaiano.edu.br\/unidades\/lapa\/wp-json\/wp\/v2\/posts\/19567"}],"collection":[{"href":"https:\/\/www.ifbaiano.edu.br\/unidades\/lapa\/wp-json\/wp\/v2\/posts"}],"about":[{"href":"https:\/\/www.ifbaiano.edu.br\/unidades\/lapa\/wp-json\/wp\/v2\/types\/post"}],"author":[{"embeddable":true,"href":"https:\/\/www.ifbaiano.edu.br\/unidades\/lapa\/wp-json\/wp\/v2\/users\/100"}],"replies":[{"embeddable":true,"href":"https:\/\/www.ifbaiano.edu.br\/unidades\/lapa\/wp-json\/wp\/v2\/comments?post=19567"}],"version-history":[{"count":4,"href":"https:\/\/www.ifbaiano.edu.br\/unidades\/lapa\/wp-json\/wp\/v2\/posts\/19567\/revisions"}],"predecessor-version":[{"id":19572,"href":"https:\/\/www.ifbaiano.edu.br\/unidades\/lapa\/wp-json\/wp\/v2\/posts\/19567\/revisions\/19572"}],"wp:featuredmedia":[{"embeddable":true,"href":"https:\/\/www.ifbaiano.edu.br\/unidades\/lapa\/wp-json\/wp\/v2\/media\/19569"}],"wp:attachment":[{"href":"https:\/\/www.ifbaiano.edu.br\/unidades\/lapa\/wp-json\/wp\/v2\/media?parent=19567"}],"wp:term":[{"taxonomy":"category","embeddable":true,"href":"https:\/\/www.ifbaiano.edu.br\/unidades\/lapa\/wp-json\/wp\/v2\/categories?post=19567"},{"taxonomy":"post_tag","embeddable":true,"href":"https:\/\/www.ifbaiano.edu.br\/unidades\/lapa\/wp-json\/wp\/v2\/tags?post=19567"}],"curies":[{"name":"wp","href":"https:\/\/api.w.org\/{rel}","templated":true}]}}