{"id":19573,"date":"2021-03-18T13:53:04","date_gmt":"2021-03-18T16:53:04","guid":{"rendered":"https:\/\/www.ifbaiano.edu.br\/unidades\/lapa\/?p=19573"},"modified":"2021-03-23T08:50:24","modified_gmt":"2021-03-23T11:50:24","slug":"edital-para-preenchimento-de-vagas-ociosas-agronomia","status":"publish","type":"post","link":"https:\/\/www.ifbaiano.edu.br\/unidades\/lapa\/2021\/03\/18\/edital-para-preenchimento-de-vagas-ociosas-agronomia\/","title":{"rendered":"Edital para preenchimento de vagas ociosas Agronomia"},"content":{"rendered":"\n<p><p align=\"justify\"><span style=\"text-transform:uppercase\">O Reitor do Instituto Federal de Educa\u00e7\u00e3o, Ci\u00eancia e Tecnologia Baiano \u2013 IF Baiano<\/span>, nomeado pelo Decreto de 25\/04\/2018, publicado no DOU de 26\/04\/2018, Se\u00e7\u00e3o 2, p\u00e1gina 01, e de acordo com as disposi\u00e7\u00f5es contidas na Lei n\u00ba 11.892, de 29\/12\/2008, e na Lei n\u00ba 8.112, de 11\/12\/1990, em conformidade com a Lei n\u00b0. 9.394, de 20 de dezembro de 1996, alterada pela Lei n\u00ba 12.796, de 04 de abril de 2013 e ainda considerando a Portaria MEC n\u00ba 18, de 11 de outubro de 2012, torna p\u00fablico o presente Edital para preenchimento de vagas ociosas nos cursos de gradua\u00e7\u00e3o ofertados pelo IF <span style=\"text-transform:uppercase\">Baiano<\/span>, para ingresso no segundo semestre letivo do ano de 2020.<\/p>\n<p>Engenharia Agron\u00f4mica \u2013 14 vagas \u2013 Campus Bom Jesus da Lapa<br>Bacharelado em Engenharia Agron\u00f4mica \u2013 10 vagas \u2013 Campus Teixeira de Freitas<\/p><\/p>\n\n\n\n<div class=\"wp-block-file\"><a href=\"https:\/\/www.ifbaiano.edu.br\/unidades\/lapa\/files\/2021\/03\/Edital-12-2021de-Vagas-Ociosas.pdf\" target=\"_blank\" rel=\"noreferrer noopener\">Edital 12\/2021 (documento pdf, abre em nova aba)<\/a><\/div>\n\n\n\n<figure class=\"wp-block-image size-large\"><img decoding=\"async\" loading=\"lazy\" width=\"1080\" height=\"1080\" src=\"https:\/\/www.ifbaiano.edu.br\/unidades\/lapa\/files\/2021\/03\/vagas-ociosas-agronomia.jpeg\" alt=\"\" class=\"wp-image-19596\" \/><\/figure>\n","protected":false},"excerpt":{"rendered":"<p>O Reitor do Instituto Federal de Educa\u00e7\u00e3o, Ci\u00eancia e Tecnologia Baiano \u2013 IF Baiano, nomeado pelo Decreto de 25\/04\/2018, publicado no DOU de 26\/04\/2018, Se\u00e7\u00e3o 2, p\u00e1gina 01, e de acordo com as disposi\u00e7\u00f5es contidas na Lei n\u00ba 11.892, de 29\/12\/2008, e na Lei n\u00ba 8.112, de 11\/12\/1990, em conformidade com a Lei n\u00b0. 9.394, [&hellip;]<\/p>\n","protected":false},"author":100,"featured_media":19596,"comment_status":"open","ping_status":"open","sticky":false,"template":"","format":"standard","meta":[],"categories":[64,24,73,65],"tags":[],"_links":{"self":[{"href":"https:\/\/www.ifbaiano.edu.br\/unidades\/lapa\/wp-json\/wp\/v2\/posts\/19573"}],"collection":[{"href":"https:\/\/www.ifbaiano.edu.br\/unidades\/lapa\/wp-json\/wp\/v2\/posts"}],"about":[{"href":"https:\/\/www.ifbaiano.edu.br\/unidades\/lapa\/wp-json\/wp\/v2\/types\/post"}],"author":[{"embeddable":true,"href":"https:\/\/www.ifbaiano.edu.br\/unidades\/lapa\/wp-json\/wp\/v2\/users\/100"}],"replies":[{"embeddable":true,"href":"https:\/\/www.ifbaiano.edu.br\/unidades\/lapa\/wp-json\/wp\/v2\/comments?post=19573"}],"version-history":[{"count":3,"href":"https:\/\/www.ifbaiano.edu.br\/unidades\/lapa\/wp-json\/wp\/v2\/posts\/19573\/revisions"}],"predecessor-version":[{"id":19598,"href":"https:\/\/www.ifbaiano.edu.br\/unidades\/lapa\/wp-json\/wp\/v2\/posts\/19573\/revisions\/19598"}],"wp:featuredmedia":[{"embeddable":true,"href":"https:\/\/www.ifbaiano.edu.br\/unidades\/lapa\/wp-json\/wp\/v2\/media\/19596"}],"wp:attachment":[{"href":"https:\/\/www.ifbaiano.edu.br\/unidades\/lapa\/wp-json\/wp\/v2\/media?parent=19573"}],"wp:term":[{"taxonomy":"category","embeddable":true,"href":"https:\/\/www.ifbaiano.edu.br\/unidades\/lapa\/wp-json\/wp\/v2\/categories?post=19573"},{"taxonomy":"post_tag","embeddable":true,"href":"https:\/\/www.ifbaiano.edu.br\/unidades\/lapa\/wp-json\/wp\/v2\/tags?post=19573"}],"curies":[{"name":"wp","href":"https:\/\/api.w.org\/{rel}","templated":true}]}}