{"id":19646,"date":"2021-03-29T16:51:38","date_gmt":"2021-03-29T19:51:38","guid":{"rendered":"https:\/\/www.ifbaiano.edu.br\/unidades\/lapa\/?p=19646"},"modified":"2021-03-29T16:53:43","modified_gmt":"2021-03-29T19:53:43","slug":"programa-if-mais-empreendedor","status":"publish","type":"post","link":"https:\/\/www.ifbaiano.edu.br\/unidades\/lapa\/2021\/03\/29\/programa-if-mais-empreendedor\/","title":{"rendered":"Programa IF Mais Empreendedor"},"content":{"rendered":"\n<p align=\"justify\">O <span style=\"text-transform:uppercase\">Reitor do Instituto Federal de Educa\u00e7ao, Ci\u00eancia e Tecnoliga Baiano (IFBaiano)<\/span>, por meio da Pr\u00f3-reitoria de Extens\u00e3o (PROEX) no uso de suas atribui\u00e7\u00f5es legais e regimentais, <span style=\"text-transform:uppercase\">Torna P\u00fablica<\/span> a Chamada Interna para sele\u00e7\u00e3o de propostas ao Programa IF Mais Empreendedor objetivando a constru\u00e7\u00e3o de proposta institucional do <span style=\"text-transform:uppercase\">IFBaiano<\/span> para participa\u00e7\u00e3o no Edital 05\/2021 da Secretaria de Educa\u00e7\u00e3o Profissional e Tecnol\u00f3gica do Minist\u00e9rio da Educa\u00e7\u00e3o (SETEC), do Instituto Federal de Educa\u00e7\u00e3o, Ci\u00eancia e Tecnologia do Sul de Minas Gerais (IFSULDEMINAS), por meio da Funda\u00e7\u00e3o de Apoio ao Desenvolvimento da Extens\u00e3o, Pesquisa, Ensino Profissionalizante e Tecnol\u00f3gico (FADEMA).<\/p>\n\n\n\n<p align=\"justify\">Mais informa\u00e7\u00f5es:&nbsp;<a href=\"https:\/\/ifbaiano.edu.br\/portal\/extensao\/2021-2\/\" target=\"_blank\" rel=\"noreferrer noopener\">Pr\u00f3-Reitoria de Extens\u00e3o \u2013 IF Baiano \u00bb 2021 (p\u00e1gina externa, abre em nova aba)<\/a><br>Edital:&nbsp;<a href=\"https:\/\/ifbaiano.edu.br\/portal\/extensao\/wp-content\/uploads\/sites\/4\/2021\/03\/Chamada-Interna-IFMAIS-01.2021.pdf\" rel=\"noreferrer noopener\" target=\"_blank\">Chamada Interna 01\/2021 (documento pdf, abre em nova aba)<\/a><\/p>\n","protected":false},"excerpt":{"rendered":"<p>O Reitor do Instituto Federal de Educa\u00e7ao, Ci\u00eancia e Tecnoliga Baiano (IFBaiano), por meio da Pr\u00f3-reitoria de Extens\u00e3o (PROEX) no uso de suas atribui\u00e7\u00f5es legais e regimentais, Torna P\u00fablica a Chamada Interna para sele\u00e7\u00e3o de propostas ao Programa IF Mais Empreendedor objetivando a constru\u00e7\u00e3o de proposta institucional do IFBaiano para participa\u00e7\u00e3o no Edital 05\/2021 da [&hellip;]<\/p>\n","protected":false},"author":100,"featured_media":0,"comment_status":"open","ping_status":"open","sticky":false,"template":"","format":"standard","meta":[],"categories":[64,24,40,65],"tags":[],"_links":{"self":[{"href":"https:\/\/www.ifbaiano.edu.br\/unidades\/lapa\/wp-json\/wp\/v2\/posts\/19646"}],"collection":[{"href":"https:\/\/www.ifbaiano.edu.br\/unidades\/lapa\/wp-json\/wp\/v2\/posts"}],"about":[{"href":"https:\/\/www.ifbaiano.edu.br\/unidades\/lapa\/wp-json\/wp\/v2\/types\/post"}],"author":[{"embeddable":true,"href":"https:\/\/www.ifbaiano.edu.br\/unidades\/lapa\/wp-json\/wp\/v2\/users\/100"}],"replies":[{"embeddable":true,"href":"https:\/\/www.ifbaiano.edu.br\/unidades\/lapa\/wp-json\/wp\/v2\/comments?post=19646"}],"version-history":[{"count":4,"href":"https:\/\/www.ifbaiano.edu.br\/unidades\/lapa\/wp-json\/wp\/v2\/posts\/19646\/revisions"}],"predecessor-version":[{"id":19650,"href":"https:\/\/www.ifbaiano.edu.br\/unidades\/lapa\/wp-json\/wp\/v2\/posts\/19646\/revisions\/19650"}],"wp:attachment":[{"href":"https:\/\/www.ifbaiano.edu.br\/unidades\/lapa\/wp-json\/wp\/v2\/media?parent=19646"}],"wp:term":[{"taxonomy":"category","embeddable":true,"href":"https:\/\/www.ifbaiano.edu.br\/unidades\/lapa\/wp-json\/wp\/v2\/categories?post=19646"},{"taxonomy":"post_tag","embeddable":true,"href":"https:\/\/www.ifbaiano.edu.br\/unidades\/lapa\/wp-json\/wp\/v2\/tags?post=19646"}],"curies":[{"name":"wp","href":"https:\/\/api.w.org\/{rel}","templated":true}]}}