{"id":19664,"date":"2021-03-30T16:59:56","date_gmt":"2021-03-30T19:59:56","guid":{"rendered":"https:\/\/www.ifbaiano.edu.br\/unidades\/lapa\/?p=19664"},"modified":"2021-03-30T17:10:34","modified_gmt":"2021-03-30T20:10:34","slug":"feriado-paixao-de-cristo","status":"publish","type":"post","link":"https:\/\/www.ifbaiano.edu.br\/unidades\/lapa\/2021\/03\/30\/feriado-paixao-de-cristo\/","title":{"rendered":"Feriado Paix\u00e3o de Cristo"},"content":{"rendered":"\n<p align=\"justify\">A Dire\u00e7\u00e3o-Geral do IF Baiano &#8211; <em>Campus<\/em> Bom Jesus da Lapa informa que ser\u00e1 cumprido o que determina a Portaria ME 430\/2020, que estabelece feriado no dia&nbsp;2 de abril&nbsp;(sexta-feira, Paix\u00e3o de Cristo).<br>O expediente nos dias 01\/04 (quinta-feira) e 05\/04 (segunda-feira) ser\u00e1 por meio de atividades remotas, ficando mantidos os servi\u00e7os essenciais presencias do campus no per\u00edodo de 1\u00ba a&nbsp;5 de abril&nbsp;de 2021.<\/p>\n\n\n\n<p class=\"has-black-color has-text-color\"><\/p>\n","protected":false},"excerpt":{"rendered":"<p>A Dire\u00e7\u00e3o-Geral do IF Baiano &#8211; Campus Bom Jesus da Lapa informa que ser\u00e1 cumprido o que determina a Portaria ME 430\/2020, que estabelece feriado no dia&nbsp;2 de abril&nbsp;(sexta-feira, Paix\u00e3o de Cristo).O expediente nos dias 01\/04 (quinta-feira) e 05\/04 (segunda-feira) ser\u00e1 por meio de atividades remotas, ficando mantidos os servi\u00e7os essenciais presencias do campus no [&hellip;]<\/p>\n","protected":false},"author":100,"featured_media":19668,"comment_status":"open","ping_status":"open","sticky":false,"template":"","format":"standard","meta":[],"categories":[64,24,65],"tags":[],"_links":{"self":[{"href":"https:\/\/www.ifbaiano.edu.br\/unidades\/lapa\/wp-json\/wp\/v2\/posts\/19664"}],"collection":[{"href":"https:\/\/www.ifbaiano.edu.br\/unidades\/lapa\/wp-json\/wp\/v2\/posts"}],"about":[{"href":"https:\/\/www.ifbaiano.edu.br\/unidades\/lapa\/wp-json\/wp\/v2\/types\/post"}],"author":[{"embeddable":true,"href":"https:\/\/www.ifbaiano.edu.br\/unidades\/lapa\/wp-json\/wp\/v2\/users\/100"}],"replies":[{"embeddable":true,"href":"https:\/\/www.ifbaiano.edu.br\/unidades\/lapa\/wp-json\/wp\/v2\/comments?post=19664"}],"version-history":[{"count":4,"href":"https:\/\/www.ifbaiano.edu.br\/unidades\/lapa\/wp-json\/wp\/v2\/posts\/19664\/revisions"}],"predecessor-version":[{"id":19669,"href":"https:\/\/www.ifbaiano.edu.br\/unidades\/lapa\/wp-json\/wp\/v2\/posts\/19664\/revisions\/19669"}],"wp:featuredmedia":[{"embeddable":true,"href":"https:\/\/www.ifbaiano.edu.br\/unidades\/lapa\/wp-json\/wp\/v2\/media\/19668"}],"wp:attachment":[{"href":"https:\/\/www.ifbaiano.edu.br\/unidades\/lapa\/wp-json\/wp\/v2\/media?parent=19664"}],"wp:term":[{"taxonomy":"category","embeddable":true,"href":"https:\/\/www.ifbaiano.edu.br\/unidades\/lapa\/wp-json\/wp\/v2\/categories?post=19664"},{"taxonomy":"post_tag","embeddable":true,"href":"https:\/\/www.ifbaiano.edu.br\/unidades\/lapa\/wp-json\/wp\/v2\/tags?post=19664"}],"curies":[{"name":"wp","href":"https:\/\/api.w.org\/{rel}","templated":true}]}}