{"id":19679,"date":"2021-04-01T11:21:15","date_gmt":"2021-04-01T14:21:15","guid":{"rendered":"https:\/\/www.ifbaiano.edu.br\/unidades\/lapa\/?p=19679"},"modified":"2021-04-01T11:21:26","modified_gmt":"2021-04-01T14:21:26","slug":"dedin-de-prosa-abril-azul","status":"publish","type":"post","link":"https:\/\/www.ifbaiano.edu.br\/unidades\/lapa\/2021\/04\/01\/dedin-de-prosa-abril-azul\/","title":{"rendered":"Dedin de Prosa &#8211; Abril Azul"},"content":{"rendered":"<p align=\"justify\">Neste epis\u00f3dio, os psic\u00f3logos Aline Soares e Erick Marcel apresentam o Abril Azul, m\u00eas de conscientiza\u00e7\u00e3o do Autismo. Apresentam os sinais e sintomas do transtorno, o tratamento e como a fam\u00edlia pode ser auxiliada diante do diagn\u00f3stico.<\/p>\n\n\n<p><a href=\"https:\/\/anchor.fm\/dedin-de-prosa\/episodes\/Abril-azul-conheam-o-autismo-eu15ht\" data-type=\"URL\" data-id=\"https:\/\/anchor.fm\/dedin-de-prosa\/episodes\/Abril-azul-conheam-o-autismo-eu15ht\" target=\"_blank\" rel=\"noreferrer noopener\">Dedin de Prosa &#8211; Abril Azul (site externo, abre em nova aba)<\/a><\/p>\n","protected":false},"excerpt":{"rendered":"<p>Neste epis\u00f3dio, os psic\u00f3logos Aline Soares e Erick Marcel apresentam o Abril Azul, m\u00eas de conscientiza\u00e7\u00e3o do Autismo. Apresentam os sinais e sintomas do transtorno, o tratamento e como a fam\u00edlia pode ser auxiliada diante do diagn\u00f3stico. Dedin de Prosa &#8211; Abril Azul (site externo, abre em nova aba)<\/p>\n","protected":false},"author":100,"featured_media":16271,"comment_status":"open","ping_status":"open","sticky":false,"template":"","format":"standard","meta":[],"categories":[64,24,40,65],"tags":[],"_links":{"self":[{"href":"https:\/\/www.ifbaiano.edu.br\/unidades\/lapa\/wp-json\/wp\/v2\/posts\/19679"}],"collection":[{"href":"https:\/\/www.ifbaiano.edu.br\/unidades\/lapa\/wp-json\/wp\/v2\/posts"}],"about":[{"href":"https:\/\/www.ifbaiano.edu.br\/unidades\/lapa\/wp-json\/wp\/v2\/types\/post"}],"author":[{"embeddable":true,"href":"https:\/\/www.ifbaiano.edu.br\/unidades\/lapa\/wp-json\/wp\/v2\/users\/100"}],"replies":[{"embeddable":true,"href":"https:\/\/www.ifbaiano.edu.br\/unidades\/lapa\/wp-json\/wp\/v2\/comments?post=19679"}],"version-history":[{"count":2,"href":"https:\/\/www.ifbaiano.edu.br\/unidades\/lapa\/wp-json\/wp\/v2\/posts\/19679\/revisions"}],"predecessor-version":[{"id":19681,"href":"https:\/\/www.ifbaiano.edu.br\/unidades\/lapa\/wp-json\/wp\/v2\/posts\/19679\/revisions\/19681"}],"wp:featuredmedia":[{"embeddable":true,"href":"https:\/\/www.ifbaiano.edu.br\/unidades\/lapa\/wp-json\/wp\/v2\/media\/16271"}],"wp:attachment":[{"href":"https:\/\/www.ifbaiano.edu.br\/unidades\/lapa\/wp-json\/wp\/v2\/media?parent=19679"}],"wp:term":[{"taxonomy":"category","embeddable":true,"href":"https:\/\/www.ifbaiano.edu.br\/unidades\/lapa\/wp-json\/wp\/v2\/categories?post=19679"},{"taxonomy":"post_tag","embeddable":true,"href":"https:\/\/www.ifbaiano.edu.br\/unidades\/lapa\/wp-json\/wp\/v2\/tags?post=19679"}],"curies":[{"name":"wp","href":"https:\/\/api.w.org\/{rel}","templated":true}]}}