{"id":19684,"date":"2021-04-05T09:52:59","date_gmt":"2021-04-05T12:52:59","guid":{"rendered":"https:\/\/www.ifbaiano.edu.br\/unidades\/lapa\/?p=19684"},"modified":"2021-04-09T16:35:42","modified_gmt":"2021-04-09T19:35:42","slug":"programacao-das-atividades-de-integracao-do-semestre-2020-2-do-curso-de-agronomia","status":"publish","type":"post","link":"https:\/\/www.ifbaiano.edu.br\/unidades\/lapa\/2021\/04\/05\/programacao-das-atividades-de-integracao-do-semestre-2020-2-do-curso-de-agronomia\/","title":{"rendered":"Programa\u00e7\u00e3o das atividades de Integra\u00e7\u00e3o do semestre 2020.2 do Curso de Agronomia"},"content":{"rendered":"\n<p align=\"justify\">A coordena\u00e7\u00e3o do curso de Engenharia Agron\u00f4mica torna p\u00fablica a programa\u00e7\u00e3o da semana de integra\u00e7\u00e3o do semestre letivo 2020.2, voltada para acolher os alunos ingressantes do SiSU 2020.2. Os estudantes veteranos tamb\u00e9m s\u00e3o convidados a participar das atividades. As transmiss\u00f5es ser\u00e3o realizadas atrav\u00e9s do <em>Youtube<\/em> do <em>Campus<\/em> e da plataforma RNP, nos links disponibilizados abaixo. Os estudantes ingressantes s\u00e3o convidados a participar de um grupo de <em>whatsapp<\/em>, criado com a finalidade de oferecer orienta\u00e7\u00f5es gerais sobre os procedimentos de acolhimento.<\/p>\n\n\n\n<p><a href=\"https:\/\/chat.whatsapp.com\/H6DFnf4fYWyLmDd7M4lZSH\" data-type=\"URL\" data-id=\"https:\/\/chat.whatsapp.com\/H6DFnf4fYWyLmDd7M4lZSH\" target=\"_blank\" rel=\"noreferrer noopener\">Convite para Grupo de Agronomia do <em>Whatsapp<\/em> (P\u00e1gina externa, abre em nova aba)<\/a><\/p>\n\n\n\n<div class=\"wp-block-file\"><a href=\"https:\/\/www.ifbaiano.edu.br\/unidades\/lapa\/files\/2021\/04\/PROGRAMACAO-AULA_INAUGURAL_2020-2.pdf\" target=\"_blank\" rel=\"noreferrer noopener\">Programa\u00e7\u00e3o &#8211; Aula Inaugural 2020.2<\/a><br><br><strong style=\"text-transform:uppercase\">Link Para acessar a Atividade do dia 13\/04\/2021<\/strong>:<br><a href=\"https:\/\/youtu.be\/fcxbTPXNpoQ\">https:\/\/youtu.be\/fcxbTPXNpoQ<\/a><br>\u00a0\u00a0\u00a0\u00a0<br><strong style=\"text-transform:uppercase\">Link Para acessar a Atividade do dia  14\/04\/2021<\/strong>:<br><a href=\"https:\/\/conferenciaweb.rnp.br\/webconf\/wilder-machado-da-cruz\">https:\/\/conferenciaweb.rnp.br\/webconf\/wilder-machado-da-cruz<\/a><br>\n<br><strong style=\"text-transform:uppercase\">Link Para acessar a Atividade do dia 15\/04\/2021<\/strong>:<br><a href=\"https:\/\/conferenciaweb.rnp.br\/webconf\/wilder-machado-da-cruz\">https:\/\/conferenciaweb.rnp.br\/webconf\/wilder-machado-da-cruz<\/a><\/div>\n","protected":false},"excerpt":{"rendered":"<p>A coordena\u00e7\u00e3o do curso de Engenharia Agron\u00f4mica torna p\u00fablica a programa\u00e7\u00e3o da semana de integra\u00e7\u00e3o do semestre letivo 2020.2, voltada para acolher os alunos ingressantes do SiSU 2020.2. Os estudantes veteranos tamb\u00e9m s\u00e3o convidados a participar das atividades. As transmiss\u00f5es ser\u00e3o realizadas atrav\u00e9s do Youtube do Campus e da plataforma RNP, nos links disponibilizados abaixo. [&hellip;]<\/p>\n","protected":false},"author":100,"featured_media":0,"comment_status":"open","ping_status":"open","sticky":false,"template":"","format":"standard","meta":[],"categories":[64,30,24,70],"tags":[],"_links":{"self":[{"href":"https:\/\/www.ifbaiano.edu.br\/unidades\/lapa\/wp-json\/wp\/v2\/posts\/19684"}],"collection":[{"href":"https:\/\/www.ifbaiano.edu.br\/unidades\/lapa\/wp-json\/wp\/v2\/posts"}],"about":[{"href":"https:\/\/www.ifbaiano.edu.br\/unidades\/lapa\/wp-json\/wp\/v2\/types\/post"}],"author":[{"embeddable":true,"href":"https:\/\/www.ifbaiano.edu.br\/unidades\/lapa\/wp-json\/wp\/v2\/users\/100"}],"replies":[{"embeddable":true,"href":"https:\/\/www.ifbaiano.edu.br\/unidades\/lapa\/wp-json\/wp\/v2\/comments?post=19684"}],"version-history":[{"count":15,"href":"https:\/\/www.ifbaiano.edu.br\/unidades\/lapa\/wp-json\/wp\/v2\/posts\/19684\/revisions"}],"predecessor-version":[{"id":19733,"href":"https:\/\/www.ifbaiano.edu.br\/unidades\/lapa\/wp-json\/wp\/v2\/posts\/19684\/revisions\/19733"}],"wp:attachment":[{"href":"https:\/\/www.ifbaiano.edu.br\/unidades\/lapa\/wp-json\/wp\/v2\/media?parent=19684"}],"wp:term":[{"taxonomy":"category","embeddable":true,"href":"https:\/\/www.ifbaiano.edu.br\/unidades\/lapa\/wp-json\/wp\/v2\/categories?post=19684"},{"taxonomy":"post_tag","embeddable":true,"href":"https:\/\/www.ifbaiano.edu.br\/unidades\/lapa\/wp-json\/wp\/v2\/tags?post=19684"}],"curies":[{"name":"wp","href":"https:\/\/api.w.org\/{rel}","templated":true}]}}