{"id":19702,"date":"2021-04-07T08:21:07","date_gmt":"2021-04-07T11:21:07","guid":{"rendered":"https:\/\/www.ifbaiano.edu.br\/unidades\/lapa\/?p=19702"},"modified":"2021-04-07T08:21:17","modified_gmt":"2021-04-07T11:21:17","slug":"dedin-de-prosa-abril-azul-com-traducao-em-libras","status":"publish","type":"post","link":"https:\/\/www.ifbaiano.edu.br\/unidades\/lapa\/2021\/04\/07\/dedin-de-prosa-abril-azul-com-traducao-em-libras\/","title":{"rendered":"Dedin de Prosa \u2013 Abril Azul com tradu\u00e7\u00e3o em LIBRAS"},"content":{"rendered":"\n<p align=\"justify\">Neste epis\u00f3dio, os psic\u00f3logos Aline Soares e Erick Marcel apresentam o Abril Azul, m\u00eas de conscientiza\u00e7\u00e3o do Autismo. Apresentam os sinais e sintomas do transtorno, o tratamento e como a fam\u00edlia pode ser auxiliada diante do diagn\u00f3stico.<\/p><p>Tradu\u00e7\u00e3o em LIBRAS por Luciana Teixeira<\/p>\n\n\n\n<figure class=\"wp-block-embed is-type-video is-provider-youtube wp-block-embed-youtube wp-embed-aspect-16-9 wp-has-aspect-ratio\"><div class=\"wp-block-embed__wrapper\">\n<iframe loading=\"lazy\" title=\"Dedin de Prosa \u2013 Abril Azul\" width=\"500\" height=\"281\" src=\"https:\/\/www.youtube.com\/embed\/wktGhziji3c?feature=oembed\" frameborder=\"0\" allow=\"accelerometer; autoplay; clipboard-write; encrypted-media; gyroscope; picture-in-picture\" allowfullscreen><\/iframe>\n<\/div><\/figure>\n\n\n\n<p><\/p>\n","protected":false},"excerpt":{"rendered":"<p>Neste epis\u00f3dio, os psic\u00f3logos Aline Soares e Erick Marcel apresentam o Abril Azul, m\u00eas de conscientiza\u00e7\u00e3o do Autismo. Apresentam os sinais e sintomas do transtorno, o tratamento e como a fam\u00edlia pode ser auxiliada diante do diagn\u00f3stico. Tradu\u00e7\u00e3o em LIBRAS por Luciana Teixeira<\/p>\n","protected":false},"author":100,"featured_media":19704,"comment_status":"open","ping_status":"open","sticky":false,"template":"","format":"standard","meta":[],"categories":[64,24,40,65],"tags":[],"_links":{"self":[{"href":"https:\/\/www.ifbaiano.edu.br\/unidades\/lapa\/wp-json\/wp\/v2\/posts\/19702"}],"collection":[{"href":"https:\/\/www.ifbaiano.edu.br\/unidades\/lapa\/wp-json\/wp\/v2\/posts"}],"about":[{"href":"https:\/\/www.ifbaiano.edu.br\/unidades\/lapa\/wp-json\/wp\/v2\/types\/post"}],"author":[{"embeddable":true,"href":"https:\/\/www.ifbaiano.edu.br\/unidades\/lapa\/wp-json\/wp\/v2\/users\/100"}],"replies":[{"embeddable":true,"href":"https:\/\/www.ifbaiano.edu.br\/unidades\/lapa\/wp-json\/wp\/v2\/comments?post=19702"}],"version-history":[{"count":3,"href":"https:\/\/www.ifbaiano.edu.br\/unidades\/lapa\/wp-json\/wp\/v2\/posts\/19702\/revisions"}],"predecessor-version":[{"id":19706,"href":"https:\/\/www.ifbaiano.edu.br\/unidades\/lapa\/wp-json\/wp\/v2\/posts\/19702\/revisions\/19706"}],"wp:featuredmedia":[{"embeddable":true,"href":"https:\/\/www.ifbaiano.edu.br\/unidades\/lapa\/wp-json\/wp\/v2\/media\/19704"}],"wp:attachment":[{"href":"https:\/\/www.ifbaiano.edu.br\/unidades\/lapa\/wp-json\/wp\/v2\/media?parent=19702"}],"wp:term":[{"taxonomy":"category","embeddable":true,"href":"https:\/\/www.ifbaiano.edu.br\/unidades\/lapa\/wp-json\/wp\/v2\/categories?post=19702"},{"taxonomy":"post_tag","embeddable":true,"href":"https:\/\/www.ifbaiano.edu.br\/unidades\/lapa\/wp-json\/wp\/v2\/tags?post=19702"}],"curies":[{"name":"wp","href":"https:\/\/api.w.org\/{rel}","templated":true}]}}