{"id":19713,"date":"2021-04-09T07:42:29","date_gmt":"2021-04-09T10:42:29","guid":{"rendered":"https:\/\/www.ifbaiano.edu.br\/unidades\/lapa\/?p=19713"},"modified":"2021-04-09T22:07:47","modified_gmt":"2021-04-10T01:07:47","slug":"dedin-de-prosa-entrevista-tea","status":"publish","type":"post","link":"https:\/\/www.ifbaiano.edu.br\/unidades\/lapa\/2021\/04\/09\/dedin-de-prosa-entrevista-tea\/","title":{"rendered":"Dedin de Prosa &#8211; Entrevista Transtorno do Espectro Autista"},"content":{"rendered":"\n<p align=\"justify\">O enfermeiro do IF Baiano &#8211; <em>Campus<\/em> Bom Jesus da Lapa, Rodrigo Stolze, faz uma breve entrevista com a professora Juliana Salvadori, que \u00e9 m\u00e3e de um adolescente com TEA, contando suas experiencias, dificuldades e aprendizados na sua trajet\u00f3ria.\n<br>Tradu\u00e7\u00e3o em LIBRAS: Luciana Teixeira<\/p>\n\n\n\n<p><a rel=\"noreferrer noopener\" href=\"https:\/\/anchor.fm\/dedin-de-prosa\/episodes\/Entrevista---Transtorno-do-Espectro-Autista-eugjs8\/a-a56fagu\" target=\"_blank\">Dedin de Prosa &#8211; Entrevista Transtorno do Espectro Autista (site externo, abre em nova aba)<\/a><\/p>\n\n\n\n<figure class=\"wp-block-embed is-type-video is-provider-youtube wp-block-embed-youtube wp-embed-aspect-16-9 wp-has-aspect-ratio\"><div class=\"wp-block-embed__wrapper\">\n<iframe loading=\"lazy\" title=\"Dedin de Prosa \u2013 Entrevista Transtorno do Espectro Autista\" width=\"500\" height=\"281\" src=\"https:\/\/www.youtube.com\/embed\/gWUDIUkzvIc?feature=oembed\" frameborder=\"0\" allow=\"accelerometer; autoplay; clipboard-write; encrypted-media; gyroscope; picture-in-picture\" allowfullscreen><\/iframe>\n<\/div><\/figure>\n","protected":false},"excerpt":{"rendered":"<p>O enfermeiro do IF Baiano &#8211; Campus Bom Jesus da Lapa, Rodrigo Stolze, faz uma breve entrevista com a professora Juliana Salvadori, que \u00e9 m\u00e3e de um adolescente com TEA, contando suas experiencias, dificuldades e aprendizados na sua trajet\u00f3ria. Tradu\u00e7\u00e3o em LIBRAS: Luciana Teixeira Dedin de Prosa &#8211; Entrevista Transtorno do Espectro Autista (site externo, [&hellip;]<\/p>\n","protected":false},"author":100,"featured_media":19704,"comment_status":"open","ping_status":"open","sticky":false,"template":"","format":"standard","meta":[],"categories":[64,24,40,65],"tags":[],"_links":{"self":[{"href":"https:\/\/www.ifbaiano.edu.br\/unidades\/lapa\/wp-json\/wp\/v2\/posts\/19713"}],"collection":[{"href":"https:\/\/www.ifbaiano.edu.br\/unidades\/lapa\/wp-json\/wp\/v2\/posts"}],"about":[{"href":"https:\/\/www.ifbaiano.edu.br\/unidades\/lapa\/wp-json\/wp\/v2\/types\/post"}],"author":[{"embeddable":true,"href":"https:\/\/www.ifbaiano.edu.br\/unidades\/lapa\/wp-json\/wp\/v2\/users\/100"}],"replies":[{"embeddable":true,"href":"https:\/\/www.ifbaiano.edu.br\/unidades\/lapa\/wp-json\/wp\/v2\/comments?post=19713"}],"version-history":[{"count":5,"href":"https:\/\/www.ifbaiano.edu.br\/unidades\/lapa\/wp-json\/wp\/v2\/posts\/19713\/revisions"}],"predecessor-version":[{"id":19749,"href":"https:\/\/www.ifbaiano.edu.br\/unidades\/lapa\/wp-json\/wp\/v2\/posts\/19713\/revisions\/19749"}],"wp:featuredmedia":[{"embeddable":true,"href":"https:\/\/www.ifbaiano.edu.br\/unidades\/lapa\/wp-json\/wp\/v2\/media\/19704"}],"wp:attachment":[{"href":"https:\/\/www.ifbaiano.edu.br\/unidades\/lapa\/wp-json\/wp\/v2\/media?parent=19713"}],"wp:term":[{"taxonomy":"category","embeddable":true,"href":"https:\/\/www.ifbaiano.edu.br\/unidades\/lapa\/wp-json\/wp\/v2\/categories?post=19713"},{"taxonomy":"post_tag","embeddable":true,"href":"https:\/\/www.ifbaiano.edu.br\/unidades\/lapa\/wp-json\/wp\/v2\/tags?post=19713"}],"curies":[{"name":"wp","href":"https:\/\/api.w.org\/{rel}","templated":true}]}}