{"id":19753,"date":"2021-04-12T08:12:26","date_gmt":"2021-04-12T11:12:26","guid":{"rendered":"https:\/\/www.ifbaiano.edu.br\/unidades\/lapa\/?p=19753"},"modified":"2021-04-12T08:12:36","modified_gmt":"2021-04-12T11:12:36","slug":"famif-baiano-digital-2021","status":"publish","type":"post","link":"https:\/\/www.ifbaiano.edu.br\/unidades\/lapa\/2021\/04\/12\/famif-baiano-digital-2021\/","title":{"rendered":"FAMIF Baiano Digital 2021"},"content":{"rendered":"\n<p align=\"justify\">O Instituto Federal de Educa\u00e7\u00e3o, Ci\u00eancia e Tecnologia Baiano, atrav\u00e9s da Pr\u00f3-reitoria de Extens\u00e3o, realizar\u00e1 o <strong>Festival de Arte e M\u00fasica do IF Baiano <\/strong>\u2013 Edi\u00e7\u00e3o Digital \u2013 FAMIF <span style=\"text-transform:uppercase\">BAIANO DIGITAL<\/span> 2021.<\/p>\n\n<p align=\"justify\">O objetivo da Pr\u00f3-reitoria de Extens\u00e3o (Proex) \u00e9 que \u2013 mesmo que precise ser realizado no formato digital devido \u00e0 pandemia do Covid-19 &#8211; o Festival de Arte e M\u00fasica, evento importante e marcante para a comunidade do IF Baiano, realizado em 2019, se fa\u00e7a presente tamb\u00e9m em 2021, fortalecendo nossas bases socioculturais e art\u00edsticas e marcando a vida das pessoas que fazem desta institui\u00e7\u00e3o um lugar &#8220;vivo&#8221;, criativo, humano e potente, atrav\u00e9s de uma educa\u00e7\u00e3o transformadora de realidades.<\/p>\n\n<p align=\"justify\"><span style=\"text-transform:uppercase\">Canal Oficial do Evento<\/span>: @famifbaiano<br>\n<span style=\"text-transform:uppercase\">Tema: &#8220;Para estar junto, n\u00e3o \u00e9 preciso estar perto&#8221;<\/span><br>\n<span style=\"text-transform:uppercase\">Subtemas<\/span>: a ideia de <span style=\"text-transform:uppercase\">Esperan\u00e7a<\/span>, de <span style=\"text-transform:uppercase\">Efemeridade<\/span>; al\u00e9m de sentimentos\/atitudes como: <span style=\"text-transform:uppercase\">Empatia, Solidariedade, Acolhimento, Uni\u00e3o, Coletividade, Gratid\u00e3o, Autocuidado, Aprendizado<\/span> e <span style=\"text-transform:uppercase\">Reflex\u00e3o<\/span>.<\/br>\n\nPer\u00edodo de inscri\u00e7\u00f5es: de 16 de abril a 09 de maio de 2021<\/p>\n\n\n<p align=\"justify\" style=\"text-transform:uppercase\">Tipos de apresenta\u00e7\u00e3o:<\/p>\n<ul>\n      <li>Interpreta\u00e7\u00e3o musical autoral<\/li>\n      <li>Interpreta\u00e7\u00e3o musical n\u00e3o autoral<\/li>\n      <li>M\u00fasica Instrumental autoral ou n\u00e3o-autoral<\/li>\n      <li>Declama\u00e7\u00e3o de poema \/ poesia autoral<\/li>\n      <li>Teatro,\u00a0stand up comedy\u00a0e arte circense<\/li>\n      <li>Dan\u00e7a<\/li>\n      <li>Artes Visuais (v\u00eddeo deve ter \u00e1udio explicativo sobre a arte apresentada conforme tema)<\/li>\n      <\/ul>\n<p align=\"justify\" style=\"text-transform:uppercase\">CATEGORIAS:<\/p>\n<ul>\n      <li>Servidor(a) \u2013 Colaborador(a) terceirizado(a) \u2013 Estagi\u00e1rio(a)<\/li>\n      <li>Discente regular e egresso<\/li>\n<\/ul>\n<p align=\"justify\" style=\"text-transform:uppercase\">MODALIDADES DE APRESENTA\u00c7\u00c3O:<\/p>\n<ul>\n      <li>Apresenta\u00e7\u00e3o Individual<\/li>\n      <li>Apresenta\u00e7\u00e3o em dupla ou grupo (apenas na condi\u00e7\u00e3o de apresenta\u00e7\u00e3o de \u00fanico v\u00eddeo derivado da jun\u00e7\u00e3o de v\u00eddeos gravados separadamente por cada componente, n\u00e3o \u00e9 permitido encontro para grava\u00e7\u00f5es e contato f\u00edsico, devido \u00e0 pandemia do Covid-19)<\/li>\n<\/ul>\n<p align=\"justify\">D\u00favidas sobre o FAMIF <span style=\"text-transform:uppercase\">Baiano Digital<\/span> 2021 poder\u00e3o ser enviadas para o e-mail: famifbaianodigital@gmail.com ou no direct do instagram @famifbaiano<\/p>\n<p align=\"justify\"><a href=\"https:\/\/www.ifbaiano.edu.br\/unidades\/lapa\/files\/2021\/04\/EDITAL-FAMIF-2021.pdf\" target=\"_blank\" rel=\"noopener\"> Edital FAMIF 2021 (documento pdf, abre em nova aba)<\/a><\/p>\n\n\n\n\n<figure class=\"wp-block-image size-large\"><img decoding=\"async\" loading=\"lazy\" width=\"1080\" height=\"1080\" src=\"https:\/\/www.ifbaiano.edu.br\/unidades\/lapa\/files\/2021\/04\/CARD-PRINCIPAL-FAMIF-2021.png\" alt=\"\" class=\"wp-image-19752\" \/><figcaption>FAMIF 2021<\/figcaption><\/figure>\n","protected":false},"excerpt":{"rendered":"<p>O Instituto Federal de Educa\u00e7\u00e3o, Ci\u00eancia e Tecnologia Baiano, atrav\u00e9s da Pr\u00f3-reitoria de Extens\u00e3o, realizar\u00e1 o Festival de Arte e M\u00fasica do IF Baiano \u2013 Edi\u00e7\u00e3o Digital \u2013 FAMIF BAIANO DIGITAL 2021. O objetivo da Pr\u00f3-reitoria de Extens\u00e3o (Proex) \u00e9 que \u2013 mesmo que precise ser realizado no formato digital devido \u00e0 pandemia do Covid-19 [&hellip;]<\/p>\n","protected":false},"author":100,"featured_media":19752,"comment_status":"open","ping_status":"open","sticky":false,"template":"","format":"standard","meta":[],"categories":[64,24,40,65],"tags":[],"_links":{"self":[{"href":"https:\/\/www.ifbaiano.edu.br\/unidades\/lapa\/wp-json\/wp\/v2\/posts\/19753"}],"collection":[{"href":"https:\/\/www.ifbaiano.edu.br\/unidades\/lapa\/wp-json\/wp\/v2\/posts"}],"about":[{"href":"https:\/\/www.ifbaiano.edu.br\/unidades\/lapa\/wp-json\/wp\/v2\/types\/post"}],"author":[{"embeddable":true,"href":"https:\/\/www.ifbaiano.edu.br\/unidades\/lapa\/wp-json\/wp\/v2\/users\/100"}],"replies":[{"embeddable":true,"href":"https:\/\/www.ifbaiano.edu.br\/unidades\/lapa\/wp-json\/wp\/v2\/comments?post=19753"}],"version-history":[{"count":4,"href":"https:\/\/www.ifbaiano.edu.br\/unidades\/lapa\/wp-json\/wp\/v2\/posts\/19753\/revisions"}],"predecessor-version":[{"id":19757,"href":"https:\/\/www.ifbaiano.edu.br\/unidades\/lapa\/wp-json\/wp\/v2\/posts\/19753\/revisions\/19757"}],"wp:featuredmedia":[{"embeddable":true,"href":"https:\/\/www.ifbaiano.edu.br\/unidades\/lapa\/wp-json\/wp\/v2\/media\/19752"}],"wp:attachment":[{"href":"https:\/\/www.ifbaiano.edu.br\/unidades\/lapa\/wp-json\/wp\/v2\/media?parent=19753"}],"wp:term":[{"taxonomy":"category","embeddable":true,"href":"https:\/\/www.ifbaiano.edu.br\/unidades\/lapa\/wp-json\/wp\/v2\/categories?post=19753"},{"taxonomy":"post_tag","embeddable":true,"href":"https:\/\/www.ifbaiano.edu.br\/unidades\/lapa\/wp-json\/wp\/v2\/tags?post=19753"}],"curies":[{"name":"wp","href":"https:\/\/api.w.org\/{rel}","templated":true}]}}