{"id":19774,"date":"2021-04-17T15:26:55","date_gmt":"2021-04-17T18:26:55","guid":{"rendered":"https:\/\/www.ifbaiano.edu.br\/unidades\/lapa\/?p=19774"},"modified":"2021-04-28T15:26:27","modified_gmt":"2021-04-28T18:26:27","slug":"dedin-de-prosa-inclusao-das-pessoas-com-tea","status":"publish","type":"post","link":"https:\/\/www.ifbaiano.edu.br\/unidades\/lapa\/2021\/04\/17\/dedin-de-prosa-inclusao-das-pessoas-com-tea\/","title":{"rendered":"Dedin de Prosa &#8211; Inclus\u00e3o das pessoas com TEA"},"content":{"rendered":"\n<p align=\"justify\">Neste epis\u00f3dio, Cintia Carvalho, do <em>Campus<\/em> Itapetinga, traz reflex\u00f5es e ensinamentos sobre como como promover a inclus\u00e3o das pessoas com TEA. Destaca a import\u00e2ncia da educa\u00e7\u00e3o inclusiva para as crian\u00e7as com defici\u00eancia, como instrumentos de combate \u00e0 discrimina\u00e7\u00e3o e \u00e0s barreiras atitudinais.<\/p>\n\n\n<p align=\"justify\"><a href=\"https:\/\/anchor.fm\/dedin-de-prosa\/episodes\/Incluso-das-pessoas-com-TEA-ev3b04\/a-a59a1ec\" target=\"_blank\" rel=\"noopener\">Dedin de Prosa &#8211; Inclus\u00e3o das pessoas com TEA (site externo, abre em nova aba)<\/a><\/p>\n\n\n<figure class=\"wp-block-embed is-type-video is-provider-youtube wp-block-embed-youtube wp-embed-aspect-16-9 wp-has-aspect-ratio\"><div class=\"wp-block-embed__wrapper\">\n<iframe loading=\"lazy\" title=\"Dedin de Prosa - Inclus\u00e3o das pessoas com TEA\" width=\"500\" height=\"281\" src=\"https:\/\/www.youtube.com\/embed\/pDEai29TryE?feature=oembed\" frameborder=\"0\" allow=\"accelerometer; autoplay; clipboard-write; encrypted-media; gyroscope; picture-in-picture\" allowfullscreen><\/iframe>\n<\/div><\/figure>\n","protected":false},"excerpt":{"rendered":"<p>Neste epis\u00f3dio, Cintia Carvalho, do Campus Itapetinga, traz reflex\u00f5es e ensinamentos sobre como como promover a inclus\u00e3o das pessoas com TEA. Destaca a import\u00e2ncia da educa\u00e7\u00e3o inclusiva para as crian\u00e7as com defici\u00eancia, como instrumentos de combate \u00e0 discrimina\u00e7\u00e3o e \u00e0s barreiras atitudinais. Dedin de Prosa &#8211; Inclus\u00e3o das pessoas com TEA (site externo, abre em [&hellip;]<\/p>\n","protected":false},"author":100,"featured_media":19704,"comment_status":"open","ping_status":"open","sticky":false,"template":"","format":"standard","meta":[],"categories":[64,24,40,65],"tags":[],"_links":{"self":[{"href":"https:\/\/www.ifbaiano.edu.br\/unidades\/lapa\/wp-json\/wp\/v2\/posts\/19774"}],"collection":[{"href":"https:\/\/www.ifbaiano.edu.br\/unidades\/lapa\/wp-json\/wp\/v2\/posts"}],"about":[{"href":"https:\/\/www.ifbaiano.edu.br\/unidades\/lapa\/wp-json\/wp\/v2\/types\/post"}],"author":[{"embeddable":true,"href":"https:\/\/www.ifbaiano.edu.br\/unidades\/lapa\/wp-json\/wp\/v2\/users\/100"}],"replies":[{"embeddable":true,"href":"https:\/\/www.ifbaiano.edu.br\/unidades\/lapa\/wp-json\/wp\/v2\/comments?post=19774"}],"version-history":[{"count":4,"href":"https:\/\/www.ifbaiano.edu.br\/unidades\/lapa\/wp-json\/wp\/v2\/posts\/19774\/revisions"}],"predecessor-version":[{"id":19901,"href":"https:\/\/www.ifbaiano.edu.br\/unidades\/lapa\/wp-json\/wp\/v2\/posts\/19774\/revisions\/19901"}],"wp:featuredmedia":[{"embeddable":true,"href":"https:\/\/www.ifbaiano.edu.br\/unidades\/lapa\/wp-json\/wp\/v2\/media\/19704"}],"wp:attachment":[{"href":"https:\/\/www.ifbaiano.edu.br\/unidades\/lapa\/wp-json\/wp\/v2\/media?parent=19774"}],"wp:term":[{"taxonomy":"category","embeddable":true,"href":"https:\/\/www.ifbaiano.edu.br\/unidades\/lapa\/wp-json\/wp\/v2\/categories?post=19774"},{"taxonomy":"post_tag","embeddable":true,"href":"https:\/\/www.ifbaiano.edu.br\/unidades\/lapa\/wp-json\/wp\/v2\/tags?post=19774"}],"curies":[{"name":"wp","href":"https:\/\/api.w.org\/{rel}","templated":true}]}}