{"id":19778,"date":"2021-04-19T08:25:54","date_gmt":"2021-04-19T11:25:54","guid":{"rendered":"https:\/\/www.ifbaiano.edu.br\/unidades\/lapa\/?p=19778"},"modified":"2021-04-20T11:07:27","modified_gmt":"2021-04-20T14:07:27","slug":"requerimento-de-conclusao-do-ensino-medio-para-os-estudantes-das-3a-series-do-if-baiano-que-foram-aprovados-nos-cursos-superiores","status":"publish","type":"post","link":"https:\/\/www.ifbaiano.edu.br\/unidades\/lapa\/2021\/04\/19\/requerimento-de-conclusao-do-ensino-medio-para-os-estudantes-das-3a-series-do-if-baiano-que-foram-aprovados-nos-cursos-superiores\/","title":{"rendered":"Requerimento de conclus\u00e3o do ensino m\u00e9dio para os estudantes das 3\u00aa s\u00e9ries do IF Baiano que foram aprovados nos cursos superiores"},"content":{"rendered":"\n<p align=\"justify\">O IF Baiano Campus Bom Jesus da Lapa, ciente do seu compromisso social, vem a p\u00fablico informar que os estudantes das 3\u00aa s\u00e9ries que foram aprovados nos cursos superiores atrav\u00e9s do SISU\/ENEM 2021, poder\u00e3o solicitar a certifica\u00e7\u00e3o do Ensino M\u00e9dio para realiza\u00e7\u00e3o de matr\u00edcula, atrav\u00e9s dos procedimentos e orienta\u00e7\u00f5es descritos na <a href=\"https:\/\/www.ifbaiano.edu.br\/unidades\/bonfim\/files\/2021\/04\/Portaria-Normativa-1-2021-RET-GAB-RET-IFBAIANO_CONSOLIDADA.pdf\"><strong>Portaria Normativa 1\/2021 \u2013 RET-GAB\/RET\/IFBAIANO<\/strong><\/a>,&nbsp;de&nbsp;15 de abril de 2021, que Regulamenta procedimento para o requerimento e a emiss\u00e3o de declara\u00e7\u00e3o de conclus\u00e3o do Ensino M\u00e9dio, em car\u00e1ter excepcional em fun\u00e7\u00e3o da pandemia da COVID-19, no \u00e2mbito do IF Baiano.<\/p>\n\n\n\n<table style=\"width: 100%;border-color:#000000;border-style:solid;border-collapse:collapse\" border=\"1\"><thead style=\"text-transform:uppercase\"><tr bgcolor=\"#D0FFD0\"><th>Requisitos<\/th><th>Procedimentos<\/th><\/tr><\/thead><tbody style=\"vertical-align:top\" align=\"justify\"><tr><td style=\"padding:10px;width: 50%\">O estudante regular das 3\u00aa s\u00e9ries dos Cursos de Educa\u00e7\u00e3o Profissional T\u00e9cnica Integrada ao Ensino M\u00e9dio do IF Baiano, concluinte no ano letivo em andamento, poder\u00e1, em car\u00e1ter excepcional em virtude da pandemia, solicitar a certifica\u00e7\u00e3o do Ensino M\u00e9dio, desde que:<br>Aprovado em exame de qualifica\u00e7\u00e3o para sele\u00e7\u00e3o de candidatos ao curso superior (ENEM) em institui\u00e7\u00f5es p\u00fablicas ou privadas<br>Ter realizado o ENEM e ter obtido o m\u00ednimo de 450 pontos em cada \u00e1rea de conhecimento (ci\u00eancia da natureza e suas tecnologias, ci\u00eancias humanas e suas tecnologias, linguagens, c\u00f3digos e suas tecnologias e matem\u00e1tica e suas tecnologias) e o m\u00ednimo de 500 pontos na prova de reda\u00e7\u00e3o.<\/td><td style=\"padding:10px\">A solicita\u00e7\u00e3o de declara\u00e7\u00e3o de conclus\u00e3o de Ensino M\u00e9dio, em car\u00e1ter excepcional, dever\u00e1 ser feita pelo estudante ou seu representante legalmente constitu\u00eddo, junto \u00e0 Secretaria de Registros Acad\u00eamicos do Campus,<br><strong>por e-mail, em formul\u00e1rio padr\u00e3o (ANEXO I).<\/strong><br>Para tanto, o requerente dever\u00e1 apresentar as c\u00f3pias dos seguintes documentos:<br>Boletim de desempenho do estudante no ENEM;<br>Documento de Identifica\u00e7\u00e3o com foto;<br>Cadastro de Pessoas F\u00edsicas \u2013 CPF;<br>Certid\u00e3o de Nascimento ou Casamento;<br>Comprovante de quita\u00e7\u00e3o com a Justi\u00e7a Eleitoral, obrigat\u00f3rio para os maiores de 18 (dezoito) anos;<br>Termo Nada Consta dos setores acad\u00eamicos (SRA, Biblioteca e CAE);<br>Comprovante de quita\u00e7\u00e3o ou regularidade com o Servi\u00e7o Militar, obrigat\u00f3rio para os interessados do sexo masculino e maior de dezoito anos;<br>Documento comprobat\u00f3rio de aprova\u00e7\u00e3o em Sistema de Sele\u00e7\u00e3o Unificada (SISU) ou Programa Universidade para Todos (PROUNI) para ingresso no Ensino Superior;<br>Documento comprobat\u00f3rio de que \u00e9 o respons\u00e1vel legalmente constitu\u00eddo pelo discente, obrigat\u00f3rio para os casos em que o representante do aluno menor n\u00e3o seja o pai ou m\u00e3e<\/td><\/tr><\/tbody><\/table>\n\n\n\n<p>ANEXO I<\/p>\n\n\n\n<p><a href=\"https:\/\/www.ifbaiano.edu.br\/unidades\/bonfim\/files\/2021\/04\/Requerimento-declaracao-conclusao-ensino-medio-REVISADA-1.pdf\" target=\"_blank\" rel=\"noopener\"><strong>Requerimento (Retificado)(Documento pdf, abre em nova aba)<\/strong><\/a> \u2013 Conclus\u00e3o do Ensino M\u00e9dio<\/p>\n\n\n\n<p>OU<\/p>\n\n\n\n<p><a href=\"https:\/\/ifbaiano.edu.br\/portal\/ensino\/legislacoes-normativas-internas\/\">https:\/\/ifbaiano.edu.br\/portal\/ensino\/legislacoes-normativas-internas\/<\/a><\/p>\n\n\n\n<p>D\u00favidas! Entre em contato conosco pelo telefone (77) 98105-2038 e e-mail: <a href=\"mailto:sra@lapa.ifbaiano.edu.br\">sra@lapa.ifbaiano.edu.br<\/a><\/p>\n","protected":false},"excerpt":{"rendered":"<p>O IF Baiano Campus Bom Jesus da Lapa, ciente do seu compromisso social, vem a p\u00fablico informar que os estudantes das 3\u00aa s\u00e9ries que foram aprovados nos cursos superiores atrav\u00e9s do SISU\/ENEM 2021, poder\u00e3o solicitar a certifica\u00e7\u00e3o do Ensino M\u00e9dio para realiza\u00e7\u00e3o de matr\u00edcula, atrav\u00e9s dos procedimentos e orienta\u00e7\u00f5es descritos na Portaria Normativa 1\/2021 \u2013 [&hellip;]<\/p>\n","protected":false},"author":100,"featured_media":0,"comment_status":"open","ping_status":"open","sticky":false,"template":"","format":"standard","meta":[],"categories":[64,24,65],"tags":[],"_links":{"self":[{"href":"https:\/\/www.ifbaiano.edu.br\/unidades\/lapa\/wp-json\/wp\/v2\/posts\/19778"}],"collection":[{"href":"https:\/\/www.ifbaiano.edu.br\/unidades\/lapa\/wp-json\/wp\/v2\/posts"}],"about":[{"href":"https:\/\/www.ifbaiano.edu.br\/unidades\/lapa\/wp-json\/wp\/v2\/types\/post"}],"author":[{"embeddable":true,"href":"https:\/\/www.ifbaiano.edu.br\/unidades\/lapa\/wp-json\/wp\/v2\/users\/100"}],"replies":[{"embeddable":true,"href":"https:\/\/www.ifbaiano.edu.br\/unidades\/lapa\/wp-json\/wp\/v2\/comments?post=19778"}],"version-history":[{"count":31,"href":"https:\/\/www.ifbaiano.edu.br\/unidades\/lapa\/wp-json\/wp\/v2\/posts\/19778\/revisions"}],"predecessor-version":[{"id":19843,"href":"https:\/\/www.ifbaiano.edu.br\/unidades\/lapa\/wp-json\/wp\/v2\/posts\/19778\/revisions\/19843"}],"wp:attachment":[{"href":"https:\/\/www.ifbaiano.edu.br\/unidades\/lapa\/wp-json\/wp\/v2\/media?parent=19778"}],"wp:term":[{"taxonomy":"category","embeddable":true,"href":"https:\/\/www.ifbaiano.edu.br\/unidades\/lapa\/wp-json\/wp\/v2\/categories?post=19778"},{"taxonomy":"post_tag","embeddable":true,"href":"https:\/\/www.ifbaiano.edu.br\/unidades\/lapa\/wp-json\/wp\/v2\/tags?post=19778"}],"curies":[{"name":"wp","href":"https:\/\/api.w.org\/{rel}","templated":true}]}}