{"id":19807,"date":"2021-04-19T08:38:12","date_gmt":"2021-04-19T11:38:12","guid":{"rendered":"https:\/\/www.ifbaiano.edu.br\/unidades\/lapa\/?p=19807"},"modified":"2021-04-19T08:38:23","modified_gmt":"2021-04-19T11:38:23","slug":"programacao-das-atividades-de-integracao-do-semestre-2020-2-curso-subsequente-de-agricultura-e-informatica","status":"publish","type":"post","link":"https:\/\/www.ifbaiano.edu.br\/unidades\/lapa\/2021\/04\/19\/programacao-das-atividades-de-integracao-do-semestre-2020-2-curso-subsequente-de-agricultura-e-informatica\/","title":{"rendered":"Programa\u00e7\u00e3o das atividades de Integra\u00e7\u00e3o do semestre 2020.2 \u2013 Curso Subsequente de Agricultura e Inform\u00e1tica"},"content":{"rendered":"\n<p>A Dire\u00e7\u00e3o Acad\u00eamica do IF Baiano Campus Bom Jesus da Lapa torna p\u00fablica a programa\u00e7\u00e3o da semana de integra\u00e7\u00e3o do semestre letivo 2020.2, voltada para acolher os alunos do Curso Subsequente de Agricultura e Inform\u00e1tica. As transmiss\u00f5es ser\u00e3o realizadas atrav\u00e9s do&nbsp;<em>Youtube<\/em>&nbsp;do&nbsp;<em>Campus<\/em>&nbsp;e da plataforma RNP, nos links disponibilizados abaixo.<\/p>\n\n\n\n<p><a href=\"https:\/\/www.ifbaiano.edu.br\/unidades\/lapa\/files\/2021\/04\/PROGRAMACAO-AULA-INAUGURAL-2020-2-SUBSEQUENTE.pdf\" target=\"_blank\" rel=\"noreferrer noopener\"><strong>Programa\u00e7\u00e3o \u2013 Aula Inaugural 2020.2 (documento pdf, abre em nova aba)<\/strong><\/a><\/p>\n\n\n\n<p style=\"text-transform:uppercase\"><br><strong>Link para acessa a atividade do dia 19\/04\/2021<\/strong>:<\/p>\n\n\n\n<p>Estudantes: <a href=\"https:\/\/youtu.be\/j7PJetEpTEY\" target=\"_blank\" rel=\"noopener\">https:\/\/youtu.be\/j7PJetEpTEY (site externo, abre em nova aba)<\/a><\/p>\n\n\n\n<p>T\u00e9cnicos e Docentes: <a href=\"https:\/\/conferenciaweb.rnp.br\/webconf\/thiago-santos-souza\" target=\"_blank\" rel=\"noopener\">https:\/\/conferenciaweb.rnp.br\/webconf\/thiago-santos-souza (site externo, abre em nova aba)<\/a><\/p>\n\n\n<p style=\"text-transform: uppercase\"><strong>Link para acessar a atividade do dia 20\/04\/2021<\/strong>:<\/p>\n\n\n<p>Dispon\u00edvel pela Coordena\u00e7\u00e3o do Curso:<\/p>\n\n\n\n<p>Prof. Alex Leal de Oliveira \u2013 Coordenador do Curso de Agricultura Subsequente<\/p>\n\n\n\n<p>Prof. (a) Ana Carla Moura Ara\u00fajo Dantas &#8211; Coordenadora do Curso de Inform\u00e1tica Subsequente<\/p>\n\n\n\n<p style=\"text-transform:uppercase\"><strong>Link para acessar atividade do dia 22\/04\/2021<\/strong>:<\/p>\n\n\n\n<p>Dispon\u00edvel pela Coordena\u00e7\u00e3o do Curso:<\/p>\n\n\n\n<p>Prof. Alex Leal de Oliveira \u2013 Coordenador do Curso de Agricultura Subsequente<\/p>\n\n\n\n<p>Prof. (a) Ana Carla Moura Ara\u00fajo Dantas &#8211; Coordenadora do Curso de Inform\u00e1tica Subsequente<\/p>\n\n\n\n<p><strong>LINK PARA ACESSAR A ATIVIDADE DO DIA 23\/04\/2021<\/strong>:<\/p>\n\n\n\n<p><a href=\"https:\/\/conferenciaweb.rnp.br\/webconf\/adevanucia-nere-santos\" target=\"_blank\" rel=\"noopener\">https:\/\/conferenciaweb.rnp.br\/webconf\/adevanucia-nere-santos (site externo, abre em nova aba)<\/a><\/p>\n","protected":false},"excerpt":{"rendered":"<p>A Dire\u00e7\u00e3o Acad\u00eamica do IF Baiano Campus Bom Jesus da Lapa torna p\u00fablica a programa\u00e7\u00e3o da semana de integra\u00e7\u00e3o do semestre letivo 2020.2, voltada para acolher os alunos do Curso Subsequente de Agricultura e Inform\u00e1tica. As transmiss\u00f5es ser\u00e3o realizadas atrav\u00e9s do&nbsp;Youtube&nbsp;do&nbsp;Campus&nbsp;e da plataforma RNP, nos links disponibilizados abaixo. Programa\u00e7\u00e3o \u2013 Aula Inaugural 2020.2 (documento pdf, [&hellip;]<\/p>\n","protected":false},"author":100,"featured_media":0,"comment_status":"open","ping_status":"open","sticky":false,"template":"","format":"standard","meta":[],"categories":[64,24,65],"tags":[],"_links":{"self":[{"href":"https:\/\/www.ifbaiano.edu.br\/unidades\/lapa\/wp-json\/wp\/v2\/posts\/19807"}],"collection":[{"href":"https:\/\/www.ifbaiano.edu.br\/unidades\/lapa\/wp-json\/wp\/v2\/posts"}],"about":[{"href":"https:\/\/www.ifbaiano.edu.br\/unidades\/lapa\/wp-json\/wp\/v2\/types\/post"}],"author":[{"embeddable":true,"href":"https:\/\/www.ifbaiano.edu.br\/unidades\/lapa\/wp-json\/wp\/v2\/users\/100"}],"replies":[{"embeddable":true,"href":"https:\/\/www.ifbaiano.edu.br\/unidades\/lapa\/wp-json\/wp\/v2\/comments?post=19807"}],"version-history":[{"count":4,"href":"https:\/\/www.ifbaiano.edu.br\/unidades\/lapa\/wp-json\/wp\/v2\/posts\/19807\/revisions"}],"predecessor-version":[{"id":19812,"href":"https:\/\/www.ifbaiano.edu.br\/unidades\/lapa\/wp-json\/wp\/v2\/posts\/19807\/revisions\/19812"}],"wp:attachment":[{"href":"https:\/\/www.ifbaiano.edu.br\/unidades\/lapa\/wp-json\/wp\/v2\/media?parent=19807"}],"wp:term":[{"taxonomy":"category","embeddable":true,"href":"https:\/\/www.ifbaiano.edu.br\/unidades\/lapa\/wp-json\/wp\/v2\/categories?post=19807"},{"taxonomy":"post_tag","embeddable":true,"href":"https:\/\/www.ifbaiano.edu.br\/unidades\/lapa\/wp-json\/wp\/v2\/tags?post=19807"}],"curies":[{"name":"wp","href":"https:\/\/api.w.org\/{rel}","templated":true}]}}