{"id":19815,"date":"2021-04-19T15:32:41","date_gmt":"2021-04-19T18:32:41","guid":{"rendered":"https:\/\/www.ifbaiano.edu.br\/unidades\/lapa\/?p=19815"},"modified":"2021-04-19T15:42:44","modified_gmt":"2021-04-19T18:42:44","slug":"programacao-das-atividades-de-integracao-do-semestre-2020-2-do-curso-de-gestao-da-tecnologia-da-informacao","status":"publish","type":"post","link":"https:\/\/www.ifbaiano.edu.br\/unidades\/lapa\/2021\/04\/19\/programacao-das-atividades-de-integracao-do-semestre-2020-2-do-curso-de-gestao-da-tecnologia-da-informacao\/","title":{"rendered":"Programa\u00e7\u00e3o das atividades de Integra\u00e7\u00e3o do semestre 2020.2 do Curso de Gest\u00e3o da Tecnologia da Informa\u00e7\u00e3o"},"content":{"rendered":"\n<p>A coordena\u00e7\u00e3o do Curso de Gest\u00e3o da Tecnologia da Informa\u00e7\u00e3o torna p\u00fablica a programa\u00e7\u00e3o da semana de integra\u00e7\u00e3o do semestre letivo 2020.2. As transmiss\u00f5es ser\u00e3o realizadas atrav\u00e9s do Youtube do Campus e na plataforma Stream Yard, nos links disponibilizados abaixo.<\/p>\n\n\n\n<p class=\"has-text-align-center\">Programa\u00e7\u00e3o \u2013 Aula Inaugural 2020.2<\/p>\n\n\n\n<p class=\"has-text-align-center\">LINK PARA ACESSAR A ATIVIDADE DO DIA 19\/04\/2021:<br><a href=\"https:\/\/youtu.be\/gkFIKQ5EnNE\" target=\"_blank\" rel=\"noreferrer noopener\">Link de acesso: https:\/\/youtu.be\/gkFIKQ5EnNE <\/a><\/p>\n\n\n\n<p class=\"has-text-align-center\">LINK PARA ACESSAR A ATIVIDADE DO DIA 20\/04\/2021:<br><a href=\"https:\/\/youtu.be\/bp8JHO5OTmQ\" target=\"_blank\" rel=\"noreferrer noopener\">Link de acesso: https:\/\/youtu.be\/bp8JHO5OTmQ<\/a><\/p>\n\n\n\n<p class=\"has-text-align-center\">LINK PARA ACESSAR A ATIVIDADE DO DIA 21\/04\/2021:<br><a href=\"https:\/\/youtu.be\/-sTslowRC10\" target=\"_blank\" rel=\"noreferrer noopener\">Link de acesso: https:\/\/youtu.be\/-sTslowRC10<\/a><\/p>\n\n\n\n<figure class=\"wp-block-image size-large\"><img decoding=\"async\" loading=\"lazy\" width=\"904\" height=\"1280\" src=\"https:\/\/www.ifbaiano.edu.br\/unidades\/lapa\/files\/2021\/04\/WhatsApp-Image-2021-04-19-at-15.21.20.jpeg\" alt=\"\" class=\"wp-image-19816\" \/><\/figure>\n\n\n\n<figure class=\"wp-block-image size-large\"><img decoding=\"async\" loading=\"lazy\" width=\"904\" height=\"1280\" src=\"https:\/\/www.ifbaiano.edu.br\/unidades\/lapa\/files\/2021\/04\/WhatsApp-Image-2021-04-19-at-15.21.21.jpeg\" alt=\"\" class=\"wp-image-19818\" \/><\/figure>\n\n\n\n<figure class=\"wp-block-image size-large\"><img decoding=\"async\" loading=\"lazy\" width=\"904\" height=\"1280\" src=\"https:\/\/www.ifbaiano.edu.br\/unidades\/lapa\/files\/2021\/04\/WhatsApp-Image-2021-04-19-at-15.21.21-1.jpeg\" alt=\"\" class=\"wp-image-19817\" \/><\/figure>\n\n\n\n<figure class=\"wp-block-image size-large\"><img decoding=\"async\" loading=\"lazy\" width=\"904\" height=\"1280\" src=\"https:\/\/www.ifbaiano.edu.br\/unidades\/lapa\/files\/2021\/04\/WhatsApp-Image-2021-04-19-at-15.21.22.jpeg\" alt=\"\" class=\"wp-image-19819\" \/><\/figure>\n","protected":false},"excerpt":{"rendered":"<p>A coordena\u00e7\u00e3o do Curso de Gest\u00e3o da Tecnologia da Informa\u00e7\u00e3o torna p\u00fablica a programa\u00e7\u00e3o da semana de integra\u00e7\u00e3o do semestre letivo 2020.2. As transmiss\u00f5es ser\u00e3o realizadas atrav\u00e9s do Youtube do Campus e na plataforma Stream Yard, nos links disponibilizados abaixo. Programa\u00e7\u00e3o \u2013 Aula Inaugural 2020.2 LINK PARA ACESSAR A ATIVIDADE DO DIA 19\/04\/2021:Link de acesso: [&hellip;]<\/p>\n","protected":false},"author":58,"featured_media":19816,"comment_status":"open","ping_status":"open","sticky":false,"template":"","format":"standard","meta":[],"categories":[70,65],"tags":[],"_links":{"self":[{"href":"https:\/\/www.ifbaiano.edu.br\/unidades\/lapa\/wp-json\/wp\/v2\/posts\/19815"}],"collection":[{"href":"https:\/\/www.ifbaiano.edu.br\/unidades\/lapa\/wp-json\/wp\/v2\/posts"}],"about":[{"href":"https:\/\/www.ifbaiano.edu.br\/unidades\/lapa\/wp-json\/wp\/v2\/types\/post"}],"author":[{"embeddable":true,"href":"https:\/\/www.ifbaiano.edu.br\/unidades\/lapa\/wp-json\/wp\/v2\/users\/58"}],"replies":[{"embeddable":true,"href":"https:\/\/www.ifbaiano.edu.br\/unidades\/lapa\/wp-json\/wp\/v2\/comments?post=19815"}],"version-history":[{"count":4,"href":"https:\/\/www.ifbaiano.edu.br\/unidades\/lapa\/wp-json\/wp\/v2\/posts\/19815\/revisions"}],"predecessor-version":[{"id":19825,"href":"https:\/\/www.ifbaiano.edu.br\/unidades\/lapa\/wp-json\/wp\/v2\/posts\/19815\/revisions\/19825"}],"wp:featuredmedia":[{"embeddable":true,"href":"https:\/\/www.ifbaiano.edu.br\/unidades\/lapa\/wp-json\/wp\/v2\/media\/19816"}],"wp:attachment":[{"href":"https:\/\/www.ifbaiano.edu.br\/unidades\/lapa\/wp-json\/wp\/v2\/media?parent=19815"}],"wp:term":[{"taxonomy":"category","embeddable":true,"href":"https:\/\/www.ifbaiano.edu.br\/unidades\/lapa\/wp-json\/wp\/v2\/categories?post=19815"},{"taxonomy":"post_tag","embeddable":true,"href":"https:\/\/www.ifbaiano.edu.br\/unidades\/lapa\/wp-json\/wp\/v2\/tags?post=19815"}],"curies":[{"name":"wp","href":"https:\/\/api.w.org\/{rel}","templated":true}]}}