{"id":19826,"date":"2021-04-19T15:47:27","date_gmt":"2021-04-19T18:47:27","guid":{"rendered":"https:\/\/www.ifbaiano.edu.br\/unidades\/lapa\/?p=19826"},"modified":"2021-04-20T10:14:03","modified_gmt":"2021-04-20T13:14:03","slug":"famif-2021","status":"publish","type":"post","link":"https:\/\/www.ifbaiano.edu.br\/unidades\/lapa\/2021\/04\/19\/famif-2021\/","title":{"rendered":"FAMIF 2021"},"content":{"rendered":"\n<p>Ol\u00e1 comunidade acad\u00eamica, quer saber um pouco mais como vai funcionar o Festival de Arte e M\u00fasica, no formato Digital, em 2021? Ent\u00e3o voc\u00ea est\u00e1 convidado a acompanhar esta importante live que acontecer\u00e1 amanh\u00e3, no Youtube do IF Baiano &#8211; Campus Bom Jesus da Lapa, com a presen\u00e7a do Pr\u00f3-Reitor de Extens\u00e3o, Prof. Rafael Trocoli e da Organizadora do Festival, Pollyanna Brasil. Fiquem ligados! <\/p>\n\n\n\n<p><a href=\"https:\/\/youtu.be\/QrQZlBSxQVQ\">Acesse aqui para assistir : https:\/\/youtu.be\/QrQZlBSxQVQ<\/a><\/p>\n\n\n\n<figure class=\"wp-block-image size-large\"><img decoding=\"async\" loading=\"lazy\" width=\"1080\" height=\"1080\" src=\"https:\/\/www.ifbaiano.edu.br\/unidades\/lapa\/files\/2021\/04\/WhatsApp-Image-2021-04-19-at-14.33.13.jpeg\" alt=\"\" class=\"wp-image-19827\" \/><\/figure>\n\n\n\n<figure class=\"wp-block-embed is-type-video is-provider-youtube wp-block-embed-youtube wp-embed-aspect-4-3 wp-has-aspect-ratio\"><div class=\"wp-block-embed__wrapper\">\n<iframe loading=\"lazy\" title=\"FAMIF 2021\" width=\"500\" height=\"375\" src=\"https:\/\/www.youtube.com\/embed\/QrQZlBSxQVQ?feature=oembed\" frameborder=\"0\" allow=\"accelerometer; autoplay; clipboard-write; encrypted-media; gyroscope; picture-in-picture\" allowfullscreen><\/iframe>\n<\/div><\/figure>\n","protected":false},"excerpt":{"rendered":"<p>Ol\u00e1 comunidade acad\u00eamica, quer saber um pouco mais como vai funcionar o Festival de Arte e M\u00fasica, no formato Digital, em 2021? Ent\u00e3o voc\u00ea est\u00e1 convidado a acompanhar esta importante live que acontecer\u00e1 amanh\u00e3, no Youtube do IF Baiano &#8211; Campus Bom Jesus da Lapa, com a presen\u00e7a do Pr\u00f3-Reitor de Extens\u00e3o, Prof. Rafael Trocoli [&hellip;]<\/p>\n","protected":false},"author":58,"featured_media":19827,"comment_status":"open","ping_status":"open","sticky":false,"template":"","format":"standard","meta":[],"categories":[64,39,30,24,65],"tags":[],"_links":{"self":[{"href":"https:\/\/www.ifbaiano.edu.br\/unidades\/lapa\/wp-json\/wp\/v2\/posts\/19826"}],"collection":[{"href":"https:\/\/www.ifbaiano.edu.br\/unidades\/lapa\/wp-json\/wp\/v2\/posts"}],"about":[{"href":"https:\/\/www.ifbaiano.edu.br\/unidades\/lapa\/wp-json\/wp\/v2\/types\/post"}],"author":[{"embeddable":true,"href":"https:\/\/www.ifbaiano.edu.br\/unidades\/lapa\/wp-json\/wp\/v2\/users\/58"}],"replies":[{"embeddable":true,"href":"https:\/\/www.ifbaiano.edu.br\/unidades\/lapa\/wp-json\/wp\/v2\/comments?post=19826"}],"version-history":[{"count":1,"href":"https:\/\/www.ifbaiano.edu.br\/unidades\/lapa\/wp-json\/wp\/v2\/posts\/19826\/revisions"}],"predecessor-version":[{"id":19828,"href":"https:\/\/www.ifbaiano.edu.br\/unidades\/lapa\/wp-json\/wp\/v2\/posts\/19826\/revisions\/19828"}],"wp:featuredmedia":[{"embeddable":true,"href":"https:\/\/www.ifbaiano.edu.br\/unidades\/lapa\/wp-json\/wp\/v2\/media\/19827"}],"wp:attachment":[{"href":"https:\/\/www.ifbaiano.edu.br\/unidades\/lapa\/wp-json\/wp\/v2\/media?parent=19826"}],"wp:term":[{"taxonomy":"category","embeddable":true,"href":"https:\/\/www.ifbaiano.edu.br\/unidades\/lapa\/wp-json\/wp\/v2\/categories?post=19826"},{"taxonomy":"post_tag","embeddable":true,"href":"https:\/\/www.ifbaiano.edu.br\/unidades\/lapa\/wp-json\/wp\/v2\/tags?post=19826"}],"curies":[{"name":"wp","href":"https:\/\/api.w.org\/{rel}","templated":true}]}}