{"id":1991,"date":"2014-02-25T09:15:27","date_gmt":"2014-02-25T11:15:27","guid":{"rendered":"http:\/\/www.ifbaiano.edu.br\/unidades\/lapa\/?p=1991"},"modified":"2014-02-25T09:15:27","modified_gmt":"2014-02-25T11:15:27","slug":"aula-inaugural-2014-1","status":"publish","type":"post","link":"https:\/\/www.ifbaiano.edu.br\/unidades\/lapa\/2014\/02\/25\/aula-inaugural-2014-1\/","title":{"rendered":"Aula Inaugural 2014.1"},"content":{"rendered":"<p>O Campus Bom Jesus da Lapa realizou sua aula inaugural do semestre letivo 2014.1 no \u00faltimo dia 17\/02\/2014.<\/p>\n<p><!--more-->Al\u00e9m da presen\u00e7a dos alunos dos Cursos T\u00e9cnico em Inform\u00e1tica e T\u00e9cnico em Agricultura, a solenidade teve a participa\u00e7\u00e3o de pais e representantes de alunos. Na programa\u00e7\u00e3o, houve palestra com o professor Ariomar Rodrigues dos Santos, tratando do tema Fam\u00edlia e Escola, apresenta\u00e7\u00e3o dos coordenadores de cursos, e breve comunica\u00e7\u00e3o sobre a pol\u00edtica de assist\u00eancia estudantil do Campus. Ao final, foi realizada visita dirigida \u00e0s instala\u00e7\u00f5es do Campus e \u00e1rea rural.<\/p>\n<p>Confiram algumas fotos<\/p>\n<p><a href=\"http:\/\/www.ifbaiano.edu.br\/unidades\/lapa\/files\/2014\/02\/DSC06778_2456x1380.jpg\"><img decoding=\"async\" loading=\"lazy\" class=\"alignnone size-medium wp-image-1994\" src=\"http:\/\/www.ifbaiano.edu.br\/unidades\/lapa\/files\/2014\/02\/DSC06778_2456x1380-300x168.jpg\" alt=\"\" width=\"300\" height=\"168\" srcset=\"https:\/\/www.ifbaiano.edu.br\/unidades\/lapa\/files\/2014\/02\/DSC06778_2456x1380-300x168.jpg 300w, https:\/\/www.ifbaiano.edu.br\/unidades\/lapa\/files\/2014\/02\/DSC06778_2456x1380-1024x575.jpg 1024w, https:\/\/www.ifbaiano.edu.br\/unidades\/lapa\/files\/2014\/02\/DSC06778_2456x1380-400x224.jpg 400w\" sizes=\"(max-width: 300px) 100vw, 300px\" \/><\/a><a href=\"http:\/\/www.ifbaiano.edu.br\/unidades\/lapa\/files\/2014\/02\/DSC06794_2456x1380.jpg\"><img decoding=\"async\" loading=\"lazy\" class=\"alignnone size-medium wp-image-1995\" src=\"http:\/\/www.ifbaiano.edu.br\/unidades\/lapa\/files\/2014\/02\/DSC06794_2456x1380-300x168.jpg\" alt=\"\" width=\"300\" height=\"168\" srcset=\"https:\/\/www.ifbaiano.edu.br\/unidades\/lapa\/files\/2014\/02\/DSC06794_2456x1380-300x168.jpg 300w, https:\/\/www.ifbaiano.edu.br\/unidades\/lapa\/files\/2014\/02\/DSC06794_2456x1380-1024x575.jpg 1024w, https:\/\/www.ifbaiano.edu.br\/unidades\/lapa\/files\/2014\/02\/DSC06794_2456x1380-400x224.jpg 400w\" sizes=\"(max-width: 300px) 100vw, 300px\" \/><\/a><\/p>\n<p><a href=\"http:\/\/www.ifbaiano.edu.br\/unidades\/lapa\/files\/2014\/02\/DSC06796_2456x1380.jpg\"><img decoding=\"async\" loading=\"lazy\" class=\"alignnone size-medium wp-image-1992\" src=\"http:\/\/www.ifbaiano.edu.br\/unidades\/lapa\/files\/2014\/02\/DSC06796_2456x1380-300x168.jpg\" alt=\"\" width=\"300\" height=\"168\" srcset=\"https:\/\/www.ifbaiano.edu.br\/unidades\/lapa\/files\/2014\/02\/DSC06796_2456x1380-300x168.jpg 300w, https:\/\/www.ifbaiano.edu.br\/unidades\/lapa\/files\/2014\/02\/DSC06796_2456x1380-1024x575.jpg 1024w, https:\/\/www.ifbaiano.edu.br\/unidades\/lapa\/files\/2014\/02\/DSC06796_2456x1380-400x224.jpg 400w\" sizes=\"(max-width: 300px) 100vw, 300px\" \/><\/a><a href=\"http:\/\/www.ifbaiano.edu.br\/unidades\/lapa\/files\/2014\/02\/DSC06788_2456x1380.jpg\"><img decoding=\"async\" loading=\"lazy\" class=\"alignnone size-medium wp-image-1993\" src=\"http:\/\/www.ifbaiano.edu.br\/unidades\/lapa\/files\/2014\/02\/DSC06788_2456x1380-300x168.jpg\" alt=\"\" width=\"300\" height=\"168\" srcset=\"https:\/\/www.ifbaiano.edu.br\/unidades\/lapa\/files\/2014\/02\/DSC06788_2456x1380-300x168.jpg 300w, https:\/\/www.ifbaiano.edu.br\/unidades\/lapa\/files\/2014\/02\/DSC06788_2456x1380-1024x575.jpg 1024w, https:\/\/www.ifbaiano.edu.br\/unidades\/lapa\/files\/2014\/02\/DSC06788_2456x1380-400x224.jpg 400w\" sizes=\"(max-width: 300px) 100vw, 300px\" \/><\/a><\/p>\n","protected":false},"excerpt":{"rendered":"<p>O Campus Bom Jesus da Lapa realizou sua aula inaugural do semestre letivo 2014.1 no \u00faltimo dia 17\/02\/2014.<\/p>\n","protected":false},"author":41,"featured_media":0,"comment_status":"open","ping_status":"open","sticky":false,"template":"","format":"standard","meta":[],"categories":[24],"tags":[],"_links":{"self":[{"href":"https:\/\/www.ifbaiano.edu.br\/unidades\/lapa\/wp-json\/wp\/v2\/posts\/1991"}],"collection":[{"href":"https:\/\/www.ifbaiano.edu.br\/unidades\/lapa\/wp-json\/wp\/v2\/posts"}],"about":[{"href":"https:\/\/www.ifbaiano.edu.br\/unidades\/lapa\/wp-json\/wp\/v2\/types\/post"}],"author":[{"embeddable":true,"href":"https:\/\/www.ifbaiano.edu.br\/unidades\/lapa\/wp-json\/wp\/v2\/users\/41"}],"replies":[{"embeddable":true,"href":"https:\/\/www.ifbaiano.edu.br\/unidades\/lapa\/wp-json\/wp\/v2\/comments?post=1991"}],"version-history":[{"count":2,"href":"https:\/\/www.ifbaiano.edu.br\/unidades\/lapa\/wp-json\/wp\/v2\/posts\/1991\/revisions"}],"predecessor-version":[{"id":1997,"href":"https:\/\/www.ifbaiano.edu.br\/unidades\/lapa\/wp-json\/wp\/v2\/posts\/1991\/revisions\/1997"}],"wp:attachment":[{"href":"https:\/\/www.ifbaiano.edu.br\/unidades\/lapa\/wp-json\/wp\/v2\/media?parent=1991"}],"wp:term":[{"taxonomy":"category","embeddable":true,"href":"https:\/\/www.ifbaiano.edu.br\/unidades\/lapa\/wp-json\/wp\/v2\/categories?post=1991"},{"taxonomy":"post_tag","embeddable":true,"href":"https:\/\/www.ifbaiano.edu.br\/unidades\/lapa\/wp-json\/wp\/v2\/tags?post=1991"}],"curies":[{"name":"wp","href":"https:\/\/api.w.org\/{rel}","templated":true}]}}