{"id":20028,"date":"2021-05-25T16:16:30","date_gmt":"2021-05-25T19:16:30","guid":{"rendered":"https:\/\/www.ifbaiano.edu.br\/unidades\/lapa\/?p=20028"},"modified":"2021-05-25T16:40:26","modified_gmt":"2021-05-25T19:40:26","slug":"regularizacao-da-matricula-cursos-tecnicos-subsequentes","status":"publish","type":"post","link":"https:\/\/www.ifbaiano.edu.br\/unidades\/lapa\/2021\/05\/25\/regularizacao-da-matricula-cursos-tecnicos-subsequentes\/","title":{"rendered":"Regulariza\u00e7\u00e3o da Matr\u00edcula Cursos T\u00e9cnicos Subsequentes"},"content":{"rendered":"\n<p align=\"justify\">O Instituto Federal Baiano \u2013 <em>Campus<\/em> Bom Jesus da Lapa, ciente do seu compromisso social e diante do atual quadro de emerg\u00eancia de sa\u00fade p\u00fablica em raz\u00e3o da pandemia causada pela <span style=\"text-transform:uppercase\">COVID-19<\/span>, torna p\u00fablico o per\u00edodo destinado a <span style=\"text-transform:uppercase\">Regulariza\u00e7\u00e3o de Matr\u00edcula<\/span> para estudantes dos cursos t\u00e9cnicos subsequentes ofertados no <em>campus<\/em> de Bom Jesus da Lapa. Esse procedimento deve ser realizado por todos(as) os(as) discentes que se encontram com status de matr\u00edcula trancada e\/ou tenham depend\u00eancia para a conclus\u00e3o do curso (componente curricular ou est\u00e1gio em aberto). Os estudantes que se enquadrarem nesta situa\u00e7\u00e3o devem procurar a institui\u00e7\u00e3o para regulariza\u00e7\u00e3o da matr\u00edcula a fim de garantir manuten\u00e7\u00e3o de v\u00ednculo nos respectivos cursos. A n\u00e3o realiza\u00e7\u00e3o da regulariza\u00e7\u00e3o da matr\u00edcula, no prazo estabelecido, poder\u00e1 caracterizar uma das formas de abandono do curso e poder\u00e1 implicar no cancelamento da matr\u00edcula, nos termos do Art. 65 da Organiza\u00e7\u00e3o Did\u00e1tica dos Cursos da Educa\u00e7\u00e3o Profissional T\u00e9cnica de N\u00edvel M\u00e9dio do IF Baiano. Os estudantes interessados dever\u00e3o efetuar a renova\u00e7\u00e3o de matr\u00edcula a partir do link eletr\u00f4nico a seguir:<\/p>\n\n\n\n<p><a rel=\"noreferrer noopener\" href=\"https:\/\/docs.google.com\/forms\/d\/1H_aWceFOviJeFCXjZcyynK0toiCVFS2X8avhk5TsasY\/\" data-type=\"URL\" data-id=\"https:\/\/docs.google.com\/forms\/d\/1H_aWceFOviJeFCXjZcyynK0toiCVFS2X8avhk5TsasY\/\" target=\"_blank\">Regulariza\u00e7\u00e3o de matricula (site externo, abre em nova aba)<\/a><\/p>\n\n\n\n<p>Per\u00edodo para regulariza\u00e7\u00e3o: 31\/05\/2021 a 04\/06\/2021.<\/p>\n\n\n\n<p><p align=\"justify\">Maiores informa\u00e7\u00f5es e esclarecimentos, entre em contato conosco pelo e-mail: <a href=\"mailto:sra@lapa.ifbaiano.edu.br\">sra@lapa.ifbaiano.edu.br<\/a><\/p><\/p>\n\n\n\n<figure class=\"wp-block-image size-large\"><img decoding=\"async\" loading=\"lazy\" width=\"423\" height=\"478\" src=\"https:\/\/www.ifbaiano.edu.br\/unidades\/lapa\/files\/2021\/05\/matricula-subsequente.jpeg\" alt=\"\" class=\"wp-image-20032\" \/><\/figure>\n","protected":false},"excerpt":{"rendered":"<p>O Instituto Federal Baiano \u2013 Campus Bom Jesus da Lapa, ciente do seu compromisso social e diante do atual quadro de emerg\u00eancia de sa\u00fade p\u00fablica em raz\u00e3o da pandemia causada pela COVID-19, torna p\u00fablico o per\u00edodo destinado a Regulariza\u00e7\u00e3o de Matr\u00edcula para estudantes dos cursos t\u00e9cnicos subsequentes ofertados no campus de Bom Jesus da Lapa. [&hellip;]<\/p>\n","protected":false},"author":100,"featured_media":20032,"comment_status":"open","ping_status":"open","sticky":false,"template":"","format":"standard","meta":[],"categories":[64,39,24,69,65],"tags":[],"_links":{"self":[{"href":"https:\/\/www.ifbaiano.edu.br\/unidades\/lapa\/wp-json\/wp\/v2\/posts\/20028"}],"collection":[{"href":"https:\/\/www.ifbaiano.edu.br\/unidades\/lapa\/wp-json\/wp\/v2\/posts"}],"about":[{"href":"https:\/\/www.ifbaiano.edu.br\/unidades\/lapa\/wp-json\/wp\/v2\/types\/post"}],"author":[{"embeddable":true,"href":"https:\/\/www.ifbaiano.edu.br\/unidades\/lapa\/wp-json\/wp\/v2\/users\/100"}],"replies":[{"embeddable":true,"href":"https:\/\/www.ifbaiano.edu.br\/unidades\/lapa\/wp-json\/wp\/v2\/comments?post=20028"}],"version-history":[{"count":7,"href":"https:\/\/www.ifbaiano.edu.br\/unidades\/lapa\/wp-json\/wp\/v2\/posts\/20028\/revisions"}],"predecessor-version":[{"id":20038,"href":"https:\/\/www.ifbaiano.edu.br\/unidades\/lapa\/wp-json\/wp\/v2\/posts\/20028\/revisions\/20038"}],"wp:featuredmedia":[{"embeddable":true,"href":"https:\/\/www.ifbaiano.edu.br\/unidades\/lapa\/wp-json\/wp\/v2\/media\/20032"}],"wp:attachment":[{"href":"https:\/\/www.ifbaiano.edu.br\/unidades\/lapa\/wp-json\/wp\/v2\/media?parent=20028"}],"wp:term":[{"taxonomy":"category","embeddable":true,"href":"https:\/\/www.ifbaiano.edu.br\/unidades\/lapa\/wp-json\/wp\/v2\/categories?post=20028"},{"taxonomy":"post_tag","embeddable":true,"href":"https:\/\/www.ifbaiano.edu.br\/unidades\/lapa\/wp-json\/wp\/v2\/tags?post=20028"}],"curies":[{"name":"wp","href":"https:\/\/api.w.org\/{rel}","templated":true}]}}