{"id":20055,"date":"2021-05-26T07:38:14","date_gmt":"2021-05-26T10:38:14","guid":{"rendered":"https:\/\/www.ifbaiano.edu.br\/unidades\/lapa\/?p=20055"},"modified":"2021-05-26T07:39:46","modified_gmt":"2021-05-26T10:39:46","slug":"processo-seletivo-monitores-voluntarios-curso-engenharia-agronomica","status":"publish","type":"post","link":"https:\/\/www.ifbaiano.edu.br\/unidades\/lapa\/2021\/05\/26\/processo-seletivo-monitores-voluntarios-curso-engenharia-agronomica\/","title":{"rendered":"Processo Seletivo para Monitores Volunt\u00e1rios do Curso de Gradua\u00e7\u00e3o em Engenharia Agron\u00f4mica"},"content":{"rendered":"\n<p align=\"justify\">O Diretor-Geral do Instituto Federal de Educa\u00e7\u00e3o, Ci\u00eancia e Tecnologia Baiano \u2013\u00a0<em>Campus<\/em>\u00a0Bom Jesus da Lapa torna p\u00fablico o Edital que estabelece as normas para sele\u00e7\u00e3o de monitores de ensino volunt\u00e1rios para o Curso de Gradua\u00e7\u00e3o em Engenharia Agron\u00f4mica, para o semestre letivo 2020.2.<\/p>\n\n\n\n<div class=\"wp-block-file\"><a href=\"https:\/\/www.ifbaiano.edu.br\/unidades\/lapa\/files\/2021\/05\/edital-2-2021.pdf\" target=\"_blank\" rel=\"noreferrer noopener\">Edital n\u00ba 02, de 25 de Maio de 2021 (documento pdf, abre em nova aba)<\/a><\/div>\n","protected":false},"excerpt":{"rendered":"<p>O Diretor-Geral do Instituto Federal de Educa\u00e7\u00e3o, Ci\u00eancia e Tecnologia Baiano \u2013\u00a0Campus\u00a0Bom Jesus da Lapa torna p\u00fablico o Edital que estabelece as normas para sele\u00e7\u00e3o de monitores de ensino volunt\u00e1rios para o Curso de Gradua\u00e7\u00e3o em Engenharia Agron\u00f4mica, para o semestre letivo 2020.2.<\/p>\n","protected":false},"author":100,"featured_media":0,"comment_status":"open","ping_status":"open","sticky":false,"template":"","format":"standard","meta":[],"categories":[64,24,73,70,65],"tags":[],"_links":{"self":[{"href":"https:\/\/www.ifbaiano.edu.br\/unidades\/lapa\/wp-json\/wp\/v2\/posts\/20055"}],"collection":[{"href":"https:\/\/www.ifbaiano.edu.br\/unidades\/lapa\/wp-json\/wp\/v2\/posts"}],"about":[{"href":"https:\/\/www.ifbaiano.edu.br\/unidades\/lapa\/wp-json\/wp\/v2\/types\/post"}],"author":[{"embeddable":true,"href":"https:\/\/www.ifbaiano.edu.br\/unidades\/lapa\/wp-json\/wp\/v2\/users\/100"}],"replies":[{"embeddable":true,"href":"https:\/\/www.ifbaiano.edu.br\/unidades\/lapa\/wp-json\/wp\/v2\/comments?post=20055"}],"version-history":[{"count":2,"href":"https:\/\/www.ifbaiano.edu.br\/unidades\/lapa\/wp-json\/wp\/v2\/posts\/20055\/revisions"}],"predecessor-version":[{"id":20058,"href":"https:\/\/www.ifbaiano.edu.br\/unidades\/lapa\/wp-json\/wp\/v2\/posts\/20055\/revisions\/20058"}],"wp:attachment":[{"href":"https:\/\/www.ifbaiano.edu.br\/unidades\/lapa\/wp-json\/wp\/v2\/media?parent=20055"}],"wp:term":[{"taxonomy":"category","embeddable":true,"href":"https:\/\/www.ifbaiano.edu.br\/unidades\/lapa\/wp-json\/wp\/v2\/categories?post=20055"},{"taxonomy":"post_tag","embeddable":true,"href":"https:\/\/www.ifbaiano.edu.br\/unidades\/lapa\/wp-json\/wp\/v2\/tags?post=20055"}],"curies":[{"name":"wp","href":"https:\/\/api.w.org\/{rel}","templated":true}]}}