{"id":20077,"date":"2021-05-26T17:41:37","date_gmt":"2021-05-26T20:41:37","guid":{"rendered":"https:\/\/www.ifbaiano.edu.br\/unidades\/lapa\/?p=20077"},"modified":"2021-05-26T17:41:47","modified_gmt":"2021-05-26T20:41:47","slug":"programa-de-monitoria-voluntaria-do-semestre-2020-2","status":"publish","type":"post","link":"https:\/\/www.ifbaiano.edu.br\/unidades\/lapa\/2021\/05\/26\/programa-de-monitoria-voluntaria-do-semestre-2020-2\/","title":{"rendered":"Programa de Monitoria volunt\u00e1ria do semestre 2020.2"},"content":{"rendered":"\n<p align=\"justify\">A comiss\u00e3o respons\u00e1vel pelo Programa de Monitoria volunt\u00e1ria do semestre 2020.2, no \u00e2mbito do Curso de Engenharia Agron\u00f4mica, torna p\u00fablico o processo de sele\u00e7\u00e3o de monitores volunt\u00e1rios. As inscri\u00e7\u00f5es ser\u00e3o realizadas no per\u00edodo de 28 de maio a 01 de junho, exclusivamente no via formul\u00e1rio abaixo:<\/p>\n<p align=\"justify\"><a href=\"https:\/\/forms.gle\/ba8xPoGQxWUiy8x98\" target=\"_blank\" rel=\"noopener\">Formul\u00e1rio de inscri\u00e7\u00e3o (site externo, abre em nova aba)<\/a><\/p>\n<p align=\"justify\">As disciplinas oferecidas constam no edital.<\/p>\n<p align=\"justify\"><a href=\"https:\/\/www.ifbaiano.edu.br\/unidades\/lapa\/files\/2021\/05\/edital-2-2021.pdf\" target=\"_blank\" rel=\"noopener\">Edital 2\/2021 (documento pdf, abre em nova aba)<\/a><\/p>\n\n\n\n<figure class=\"wp-block-image size-large\"><img decoding=\"async\" loading=\"lazy\" width=\"1080\" height=\"1080\" src=\"https:\/\/www.ifbaiano.edu.br\/unidades\/lapa\/files\/2021\/05\/card-monitoria-voluntaria-2020-2-lapa-26-05-2021.png\" alt=\"\" class=\"wp-image-20079\" \/><\/figure>\n","protected":false},"excerpt":{"rendered":"<p>A comiss\u00e3o respons\u00e1vel pelo Programa de Monitoria volunt\u00e1ria do semestre 2020.2, no \u00e2mbito do Curso de Engenharia Agron\u00f4mica, torna p\u00fablico o processo de sele\u00e7\u00e3o de monitores volunt\u00e1rios. As inscri\u00e7\u00f5es ser\u00e3o realizadas no per\u00edodo de 28 de maio a 01 de junho, exclusivamente no via formul\u00e1rio abaixo: Formul\u00e1rio de inscri\u00e7\u00e3o (site externo, abre em nova aba) [&hellip;]<\/p>\n","protected":false},"author":100,"featured_media":20079,"comment_status":"open","ping_status":"open","sticky":false,"template":"","format":"standard","meta":[],"categories":[64,24,73,70,65],"tags":[],"_links":{"self":[{"href":"https:\/\/www.ifbaiano.edu.br\/unidades\/lapa\/wp-json\/wp\/v2\/posts\/20077"}],"collection":[{"href":"https:\/\/www.ifbaiano.edu.br\/unidades\/lapa\/wp-json\/wp\/v2\/posts"}],"about":[{"href":"https:\/\/www.ifbaiano.edu.br\/unidades\/lapa\/wp-json\/wp\/v2\/types\/post"}],"author":[{"embeddable":true,"href":"https:\/\/www.ifbaiano.edu.br\/unidades\/lapa\/wp-json\/wp\/v2\/users\/100"}],"replies":[{"embeddable":true,"href":"https:\/\/www.ifbaiano.edu.br\/unidades\/lapa\/wp-json\/wp\/v2\/comments?post=20077"}],"version-history":[{"count":2,"href":"https:\/\/www.ifbaiano.edu.br\/unidades\/lapa\/wp-json\/wp\/v2\/posts\/20077\/revisions"}],"predecessor-version":[{"id":20080,"href":"https:\/\/www.ifbaiano.edu.br\/unidades\/lapa\/wp-json\/wp\/v2\/posts\/20077\/revisions\/20080"}],"wp:featuredmedia":[{"embeddable":true,"href":"https:\/\/www.ifbaiano.edu.br\/unidades\/lapa\/wp-json\/wp\/v2\/media\/20079"}],"wp:attachment":[{"href":"https:\/\/www.ifbaiano.edu.br\/unidades\/lapa\/wp-json\/wp\/v2\/media?parent=20077"}],"wp:term":[{"taxonomy":"category","embeddable":true,"href":"https:\/\/www.ifbaiano.edu.br\/unidades\/lapa\/wp-json\/wp\/v2\/categories?post=20077"},{"taxonomy":"post_tag","embeddable":true,"href":"https:\/\/www.ifbaiano.edu.br\/unidades\/lapa\/wp-json\/wp\/v2\/tags?post=20077"}],"curies":[{"name":"wp","href":"https:\/\/api.w.org\/{rel}","templated":true}]}}