{"id":20093,"date":"2021-05-27T18:01:47","date_gmt":"2021-05-27T21:01:47","guid":{"rendered":"https:\/\/www.ifbaiano.edu.br\/unidades\/lapa\/?p=20093"},"modified":"2021-05-27T18:01:58","modified_gmt":"2021-05-27T21:01:58","slug":"avaliacao-alunos-ultimo-periodo-integrada-requisitantes-certificacao-2021","status":"publish","type":"post","link":"https:\/\/www.ifbaiano.edu.br\/unidades\/lapa\/2021\/05\/27\/avaliacao-alunos-ultimo-periodo-integrada-requisitantes-certificacao-2021\/","title":{"rendered":"Avalia\u00e7\u00e3o de Alunos do \u00faltimo per\u00edodo regular dos Cursos da Educa\u00e7\u00e3o T\u00e9cnica Integrada ao Ensino M\u00e9dio, requisitantes da certifica\u00e7\u00e3o"},"content":{"rendered":"\n<p align=\"justify\">\n<span style=\"text-transform:uppercase\">O Diretor-Geral do Instituto Federal de Educa\u00e7\u00e3o, Ci\u00eancia e Tecnologia Baiano \u2013 <em>Campus<\/em> Bom Jesus da Lapa<\/span>nomeado pela Portaria n\u00ba 446 de 19\/03\/2018, publicada no D.O.U. de 20\/03\/2018, Se\u00e7\u00e3o 2, p\u00e1gina 54, e de acordo com as disposi\u00e7\u00f5es contidas na Lei n\u00ba 11.892, de 29\/12\/2008; na Portaria n\u00ba 2.564\/2018 \u2013 RET-GAB\/IFBAIANO, de 26\/09\/2018, e suas altera\u00e7\u00f5es; torna p\u00fablico o presente edital de Chamada Interna para realiza\u00e7\u00e3o da avalia\u00e7\u00e3o interna de estudantes matriculados no \u00faltimo per\u00edodo regular dos Cursos da Educa\u00e7\u00e3o Profissional T\u00e9cnica Integrada ao Ensino M\u00e9dio do IF Baiano, requisitantes da Certifica\u00e7\u00e3o do Ensino M\u00e9dio, conforme Portaria Normativa 4\/2021 &#8211; RET- GAB\/RET\/IFBAIANO, de 26 de abril de 2021, alterada pela Portaria Normativa 6\/2021 &#8211; RET-GAB\/RET\/IFBAIANO, de 11 de maio de 2021.<\/p>\n\n\n\n<p align=\"Justify\"><a href=\"https:\/\/www.ifbaiano.edu.br\/unidades\/lapa\/led4\">P\u00e1gina do Edital 3\/2021<\/a><\/p>\n","protected":false},"excerpt":{"rendered":"<p>O Diretor-Geral do Instituto Federal de Educa\u00e7\u00e3o, Ci\u00eancia e Tecnologia Baiano \u2013 Campus Bom Jesus da Lapanomeado pela Portaria n\u00ba 446 de 19\/03\/2018, publicada no D.O.U. de 20\/03\/2018, Se\u00e7\u00e3o 2, p\u00e1gina 54, e de acordo com as disposi\u00e7\u00f5es contidas na Lei n\u00ba 11.892, de 29\/12\/2008; na Portaria n\u00ba 2.564\/2018 \u2013 RET-GAB\/IFBAIANO, de 26\/09\/2018, e suas [&hellip;]<\/p>\n","protected":false},"author":100,"featured_media":0,"comment_status":"open","ping_status":"open","sticky":false,"template":"","format":"standard","meta":[],"categories":[64,39,24,68,65],"tags":[],"_links":{"self":[{"href":"https:\/\/www.ifbaiano.edu.br\/unidades\/lapa\/wp-json\/wp\/v2\/posts\/20093"}],"collection":[{"href":"https:\/\/www.ifbaiano.edu.br\/unidades\/lapa\/wp-json\/wp\/v2\/posts"}],"about":[{"href":"https:\/\/www.ifbaiano.edu.br\/unidades\/lapa\/wp-json\/wp\/v2\/types\/post"}],"author":[{"embeddable":true,"href":"https:\/\/www.ifbaiano.edu.br\/unidades\/lapa\/wp-json\/wp\/v2\/users\/100"}],"replies":[{"embeddable":true,"href":"https:\/\/www.ifbaiano.edu.br\/unidades\/lapa\/wp-json\/wp\/v2\/comments?post=20093"}],"version-history":[{"count":1,"href":"https:\/\/www.ifbaiano.edu.br\/unidades\/lapa\/wp-json\/wp\/v2\/posts\/20093\/revisions"}],"predecessor-version":[{"id":20094,"href":"https:\/\/www.ifbaiano.edu.br\/unidades\/lapa\/wp-json\/wp\/v2\/posts\/20093\/revisions\/20094"}],"wp:attachment":[{"href":"https:\/\/www.ifbaiano.edu.br\/unidades\/lapa\/wp-json\/wp\/v2\/media?parent=20093"}],"wp:term":[{"taxonomy":"category","embeddable":true,"href":"https:\/\/www.ifbaiano.edu.br\/unidades\/lapa\/wp-json\/wp\/v2\/categories?post=20093"},{"taxonomy":"post_tag","embeddable":true,"href":"https:\/\/www.ifbaiano.edu.br\/unidades\/lapa\/wp-json\/wp\/v2\/tags?post=20093"}],"curies":[{"name":"wp","href":"https:\/\/api.w.org\/{rel}","templated":true}]}}