{"id":20099,"date":"2021-05-31T16:49:11","date_gmt":"2021-05-31T19:49:11","guid":{"rendered":"https:\/\/www.ifbaiano.edu.br\/unidades\/lapa\/?p=20099"},"modified":"2021-05-31T16:49:53","modified_gmt":"2021-05-31T19:49:53","slug":"oficina-de-producao-de-aulas-no-obs-studio","status":"publish","type":"post","link":"https:\/\/www.ifbaiano.edu.br\/unidades\/lapa\/2021\/05\/31\/oficina-de-producao-de-aulas-no-obs-studio\/","title":{"rendered":"Oficina de Produ\u00e7\u00e3o de aulas no OBS Studio"},"content":{"rendered":"\n<p><p align=\"justify\">Trata-se de um curso para profissionais da educa\u00e7\u00e3o b\u00e1sica das redes de ensino do munic\u00edpio e regi\u00e3o de abrang\u00eancia, interessados em conhecer a plataforma OBS Studio, para potencializar suas pr\u00e1ticas durante o per\u00edodo de APNP, mediante a produ\u00e7\u00e3o de conte\u00fados digitais personalizados e de qualidade. O Curso ser\u00e1 certificado pela Coordena\u00e7\u00e3o de Extens\u00e3o do IF Baiano Campus Bom Jesus da Lapa.<\/p><\/p>\n\n\n\n<p><a href=\"https:\/\/suap.ifbaiano.edu.br\/eventos\/inscricao_publica\/135\/\" target=\"_blank\" rel=\"noopener\">Inscri\u00e7\u00f5es para oficina (site externo, abre em nova aba)<\/a><br><span style=\"text-transform:uppercase\">Per\u00edodo<\/span>: 31\/05 a 03\/06\/2021<br><span style=\"text-transform:uppercase\">Data da Oficina<\/span>: 04\/06\/2021<br><span style=\"text-transform:uppercase\">Hor\u00e1rio<\/span>: 09 horas<br>Informa\u00e7\u00f5es: extensao@lapa.ifbaiano.edu.br<\/p>\n\n\n\n<figure class=\"wp-block-image size-large\"><img decoding=\"async\" loading=\"lazy\" width=\"1079\" height=\"436\" src=\"https:\/\/www.ifbaiano.edu.br\/unidades\/lapa\/files\/2021\/05\/curso-obs-studio.jpeg\" alt=\"\" class=\"wp-image-20101\" \/><\/figure>\n","protected":false},"excerpt":{"rendered":"<p>Trata-se de um curso para profissionais da educa\u00e7\u00e3o b\u00e1sica das redes de ensino do munic\u00edpio e regi\u00e3o de abrang\u00eancia, interessados em conhecer a plataforma OBS Studio, para potencializar suas pr\u00e1ticas durante o per\u00edodo de APNP, mediante a produ\u00e7\u00e3o de conte\u00fados digitais personalizados e de qualidade. O Curso ser\u00e1 certificado pela Coordena\u00e7\u00e3o de Extens\u00e3o do IF [&hellip;]<\/p>\n","protected":false},"author":100,"featured_media":20101,"comment_status":"open","ping_status":"open","sticky":false,"template":"","format":"standard","meta":[],"categories":[64,24,40,65],"tags":[],"_links":{"self":[{"href":"https:\/\/www.ifbaiano.edu.br\/unidades\/lapa\/wp-json\/wp\/v2\/posts\/20099"}],"collection":[{"href":"https:\/\/www.ifbaiano.edu.br\/unidades\/lapa\/wp-json\/wp\/v2\/posts"}],"about":[{"href":"https:\/\/www.ifbaiano.edu.br\/unidades\/lapa\/wp-json\/wp\/v2\/types\/post"}],"author":[{"embeddable":true,"href":"https:\/\/www.ifbaiano.edu.br\/unidades\/lapa\/wp-json\/wp\/v2\/users\/100"}],"replies":[{"embeddable":true,"href":"https:\/\/www.ifbaiano.edu.br\/unidades\/lapa\/wp-json\/wp\/v2\/comments?post=20099"}],"version-history":[{"count":3,"href":"https:\/\/www.ifbaiano.edu.br\/unidades\/lapa\/wp-json\/wp\/v2\/posts\/20099\/revisions"}],"predecessor-version":[{"id":20103,"href":"https:\/\/www.ifbaiano.edu.br\/unidades\/lapa\/wp-json\/wp\/v2\/posts\/20099\/revisions\/20103"}],"wp:featuredmedia":[{"embeddable":true,"href":"https:\/\/www.ifbaiano.edu.br\/unidades\/lapa\/wp-json\/wp\/v2\/media\/20101"}],"wp:attachment":[{"href":"https:\/\/www.ifbaiano.edu.br\/unidades\/lapa\/wp-json\/wp\/v2\/media?parent=20099"}],"wp:term":[{"taxonomy":"category","embeddable":true,"href":"https:\/\/www.ifbaiano.edu.br\/unidades\/lapa\/wp-json\/wp\/v2\/categories?post=20099"},{"taxonomy":"post_tag","embeddable":true,"href":"https:\/\/www.ifbaiano.edu.br\/unidades\/lapa\/wp-json\/wp\/v2\/tags?post=20099"}],"curies":[{"name":"wp","href":"https:\/\/api.w.org\/{rel}","templated":true}]}}