{"id":20104,"date":"2021-05-31T17:40:35","date_gmt":"2021-05-31T20:40:35","guid":{"rendered":"https:\/\/www.ifbaiano.edu.br\/unidades\/lapa\/?p=20104"},"modified":"2021-05-31T17:41:56","modified_gmt":"2021-05-31T20:41:56","slug":"editais-cursos-tecnicos-240-vagas-2021","status":"publish","type":"post","link":"https:\/\/www.ifbaiano.edu.br\/unidades\/lapa\/2021\/05\/31\/editais-cursos-tecnicos-240-vagas-2021\/","title":{"rendered":"IF Baiano lan\u00e7a editais para cursos t\u00e9cnicos com 240 vagas para Bom Jesus da Lapa e regi\u00e3o"},"content":{"rendered":"\n<p align=\"justify\">O Instituto Federal Baiano (IF Baiano) lan\u00e7ou os&nbsp;<a href=\"https:\/\/concurso.ifbaiano.edu.br\/portal\/ingresso-de-estudantes-2021\/\" target=\"_blank\" rel=\"noreferrer noopener\">editais do processo&nbsp;de ingresso de estudantes<\/a>&nbsp;em cursos t\u00e9cnicos de n\u00edvel m\u00e9dio. Est\u00e3o dispon\u00edveis 7.320 vagas em cursos das modalidades Integrada, Subsequente e Educa\u00e7\u00e3o \u00e0 dist\u00e2ncia. Desse total, 240 vagas s\u00e3o para cursos ofertados pelo&nbsp;<em>Campus<\/em>&nbsp;Bom Jesus da Lapa.<\/p>\n\n\n\n<p align=\"justify\">Para concorrer, interessados devem realizar inscri\u00e7\u00e3o no per\u00edodo de&nbsp;7 de junho&nbsp;a&nbsp;9 de julho, exclusivamente no&nbsp;<a href=\"https:\/\/concurso.fundacaocefetminas.org.br\/site\/processo_seletivo.aspx\" target=\"_blank\" rel=\"noreferrer noopener\">site da Funda\u00e7\u00e3o CEFETMINAS<\/a>. Ao preencher o formul\u00e1rio de inscri\u00e7\u00e3o, os candidatos poder\u00e3o optar por duas op\u00e7\u00f5es de curso, indicando a ordem de prefer\u00eancia, campus, semestre de oferta e turno para cada uma delas.<\/p>\n\n\n\n<p align=\"justify\">Candidatos tamb\u00e9m devem sinalizar em qual categoria desejam concorrer. Para os cursos Integrados, o IF Baiano reserva 70% das vagas para candidatos que cursaram o Ensino Fundamental integralmente na rede p\u00fablica de ensino. Das demais vagas, 25% destinam-se a candidatos da Ampla Concorr\u00eancia e 5% para Pessoas com defici\u00eancia. Para os Subsequentes, 50% das vagas se destinam a candidatos que cursaram o Ensino M\u00e9dio integralmente na rede p\u00fablica de ensino, 45% para ampla concorr\u00eancia e 5% para Pessoas com Defici\u00eancia.<\/p>\n\n\n\n<p><strong>Cursos e vagas<\/strong><\/p>\n\n\n\n<p align=\"justify\">O IF Baiano oferece cursos t\u00e9cnicos em seus 14 campi e 20 polos de Educa\u00e7\u00e3o a Dist\u00e2ncia espalhados pela Bahia. No Campus Bom Jesus da Lapa, est\u00e3o em oferta 240 vagas nas modalidades: Integrada, para quem tem o Ensino Fundamental completo; e Subsequente e EAD &#8211; Subsequente, para quem j\u00e1 concluiu o Ensino M\u00e9dio.<\/p>\n\n\n\n<p align=\"justify\">Agricultura (Integrado) &#8211; 40 vagas<br>Agroecologia (Integrado) &#8211; 40 vagas<br>Inform\u00e1tica (Integrado) &#8211; 40 vagas<br>Agricultura (Subsequente) &#8211; 40 vagas<br>Inform\u00e1tica (Subsequente) &#8211; 40 vagas<br>Vendas (EAD &#8211; Subsequente) &#8211; 40 vagas<\/p>\n\n\n\n<p><strong>Sele\u00e7\u00e3o<\/strong><\/p>\n\n\n\n<p align=\"justify\">O processo seletivo do IF Baiano adota a an\u00e1lise de hist\u00f3rico escolar para classificar os candidatos e selecion\u00e1-los conforme a quantidade de vagas ofertada. Para isso, leva em conta a m\u00e9dia final resultante das m\u00e9dias das disciplinas de L\u00edngua Portuguesa e Matem\u00e1tica, do 6\u00ba, 7\u00ba e 8\u00ba anos do Ensino Fundamental para candidatos aos cursos Integrados, e, do 1\u00ba, 2\u00ba anos do Ensino M\u00e9dio para os candidatos aos cursos Subsequentes.<\/p>\n\n\n\n<p align=\"justify\">J\u00e1 para os cursos EAD, a sele\u00e7\u00e3o ser\u00e1 realizada mediante manifesta\u00e7\u00e3o de interesse na vaga e a classifica\u00e7\u00e3o dos candidatos ser\u00e1 obtida conforme a ordem de realiza\u00e7\u00e3o da inscri\u00e7\u00e3o.<\/p>\n\n\n\n<p align=\"justify\"><strong>Mais informa\u00e7\u00f5es<\/strong><br>Consulte os editais e acompanhe todas as atualiza\u00e7\u00f5es da sele\u00e7\u00e3o para cursos t\u00e9cnicos do IF Baiano&nbsp;<a href=\"https:\/\/concurso.ifbaiano.edu.br\/portal\/ingresso-de-estudantes-2021\/\" target=\"_blank\" rel=\"noreferrer noopener\">nesta p\u00e1gina<\/a>. D\u00favidas dever\u00e3o ser encaminhadas para o e-mail:&nbsp;concursopublico@fundacaocefetminas.org.br<\/p>\n","protected":false},"excerpt":{"rendered":"<p>O Instituto Federal Baiano (IF Baiano) lan\u00e7ou os&nbsp;editais do processo&nbsp;de ingresso de estudantes&nbsp;em cursos t\u00e9cnicos de n\u00edvel m\u00e9dio. Est\u00e3o dispon\u00edveis 7.320 vagas em cursos das modalidades Integrada, Subsequente e Educa\u00e7\u00e3o \u00e0 dist\u00e2ncia. Desse total, 240 vagas s\u00e3o para cursos ofertados pelo&nbsp;Campus&nbsp;Bom Jesus da Lapa. Para concorrer, interessados devem realizar inscri\u00e7\u00e3o no per\u00edodo de&nbsp;7 de junho&nbsp;a&nbsp;9 [&hellip;]<\/p>\n","protected":false},"author":100,"featured_media":20111,"comment_status":"open","ping_status":"open","sticky":false,"template":"","format":"standard","meta":[],"categories":[64,24,68,73,69,65],"tags":[],"_links":{"self":[{"href":"https:\/\/www.ifbaiano.edu.br\/unidades\/lapa\/wp-json\/wp\/v2\/posts\/20104"}],"collection":[{"href":"https:\/\/www.ifbaiano.edu.br\/unidades\/lapa\/wp-json\/wp\/v2\/posts"}],"about":[{"href":"https:\/\/www.ifbaiano.edu.br\/unidades\/lapa\/wp-json\/wp\/v2\/types\/post"}],"author":[{"embeddable":true,"href":"https:\/\/www.ifbaiano.edu.br\/unidades\/lapa\/wp-json\/wp\/v2\/users\/100"}],"replies":[{"embeddable":true,"href":"https:\/\/www.ifbaiano.edu.br\/unidades\/lapa\/wp-json\/wp\/v2\/comments?post=20104"}],"version-history":[{"count":5,"href":"https:\/\/www.ifbaiano.edu.br\/unidades\/lapa\/wp-json\/wp\/v2\/posts\/20104\/revisions"}],"predecessor-version":[{"id":20110,"href":"https:\/\/www.ifbaiano.edu.br\/unidades\/lapa\/wp-json\/wp\/v2\/posts\/20104\/revisions\/20110"}],"wp:featuredmedia":[{"embeddable":true,"href":"https:\/\/www.ifbaiano.edu.br\/unidades\/lapa\/wp-json\/wp\/v2\/media\/20111"}],"wp:attachment":[{"href":"https:\/\/www.ifbaiano.edu.br\/unidades\/lapa\/wp-json\/wp\/v2\/media?parent=20104"}],"wp:term":[{"taxonomy":"category","embeddable":true,"href":"https:\/\/www.ifbaiano.edu.br\/unidades\/lapa\/wp-json\/wp\/v2\/categories?post=20104"},{"taxonomy":"post_tag","embeddable":true,"href":"https:\/\/www.ifbaiano.edu.br\/unidades\/lapa\/wp-json\/wp\/v2\/tags?post=20104"}],"curies":[{"name":"wp","href":"https:\/\/api.w.org\/{rel}","templated":true}]}}