{"id":20138,"date":"2021-06-07T15:50:33","date_gmt":"2021-06-07T18:50:33","guid":{"rendered":"https:\/\/www.ifbaiano.edu.br\/unidades\/lapa\/?p=20138"},"modified":"2021-06-07T15:50:43","modified_gmt":"2021-06-07T18:50:43","slug":"resultado-preliminar-do-edital-de-monitoria-02-2021","status":"publish","type":"post","link":"https:\/\/www.ifbaiano.edu.br\/unidades\/lapa\/2021\/06\/07\/resultado-preliminar-do-edital-de-monitoria-02-2021\/","title":{"rendered":"Resultado preliminar do Edital de Monitoria 02\/2021"},"content":{"rendered":"\n<p>A Comiss\u00e3o de Monitoria Torna p\u00fablico o resultado preliminar da sele\u00e7\u00e3o de monitores de ensino volunt\u00e1rios, em conformidade com o edital 02\/2021.<\/p>\n\n\n\n<p><a href=\"https:\/\/www.ifbaiano.edu.br\/unidades\/lapa\/files\/2021\/06\/resultado-preliminar-edital-02-2021.pdf\" target=\"_blank\" rel=\"noreferrer noopener\">Resultado Preliminar do Edital 02\/2021 (documento pdf, abre em nova aba)<\/a><\/p>\n\n\n\n<p><\/p>\n","protected":false},"excerpt":{"rendered":"<p>A Comiss\u00e3o de Monitoria Torna p\u00fablico o resultado preliminar da sele\u00e7\u00e3o de monitores de ensino volunt\u00e1rios, em conformidade com o edital 02\/2021. Resultado Preliminar do Edital 02\/2021 (documento pdf, abre em nova aba)<\/p>\n","protected":false},"author":100,"featured_media":0,"comment_status":"open","ping_status":"open","sticky":false,"template":"","format":"standard","meta":[],"categories":[34,64,24,65],"tags":[],"_links":{"self":[{"href":"https:\/\/www.ifbaiano.edu.br\/unidades\/lapa\/wp-json\/wp\/v2\/posts\/20138"}],"collection":[{"href":"https:\/\/www.ifbaiano.edu.br\/unidades\/lapa\/wp-json\/wp\/v2\/posts"}],"about":[{"href":"https:\/\/www.ifbaiano.edu.br\/unidades\/lapa\/wp-json\/wp\/v2\/types\/post"}],"author":[{"embeddable":true,"href":"https:\/\/www.ifbaiano.edu.br\/unidades\/lapa\/wp-json\/wp\/v2\/users\/100"}],"replies":[{"embeddable":true,"href":"https:\/\/www.ifbaiano.edu.br\/unidades\/lapa\/wp-json\/wp\/v2\/comments?post=20138"}],"version-history":[{"count":1,"href":"https:\/\/www.ifbaiano.edu.br\/unidades\/lapa\/wp-json\/wp\/v2\/posts\/20138\/revisions"}],"predecessor-version":[{"id":20139,"href":"https:\/\/www.ifbaiano.edu.br\/unidades\/lapa\/wp-json\/wp\/v2\/posts\/20138\/revisions\/20139"}],"wp:attachment":[{"href":"https:\/\/www.ifbaiano.edu.br\/unidades\/lapa\/wp-json\/wp\/v2\/media?parent=20138"}],"wp:term":[{"taxonomy":"category","embeddable":true,"href":"https:\/\/www.ifbaiano.edu.br\/unidades\/lapa\/wp-json\/wp\/v2\/categories?post=20138"},{"taxonomy":"post_tag","embeddable":true,"href":"https:\/\/www.ifbaiano.edu.br\/unidades\/lapa\/wp-json\/wp\/v2\/tags?post=20138"}],"curies":[{"name":"wp","href":"https:\/\/api.w.org\/{rel}","templated":true}]}}