{"id":20140,"date":"2021-06-10T07:42:59","date_gmt":"2021-06-10T10:42:59","guid":{"rendered":"https:\/\/www.ifbaiano.edu.br\/unidades\/lapa\/?p=20140"},"modified":"2021-06-10T07:43:10","modified_gmt":"2021-06-10T10:43:10","slug":"aberta-submissoes-para-revista-velho-chico","status":"publish","type":"post","link":"https:\/\/www.ifbaiano.edu.br\/unidades\/lapa\/2021\/06\/10\/aberta-submissoes-para-revista-velho-chico\/","title":{"rendered":"Aberta submiss\u00f5es para Revista Velho Chico"},"content":{"rendered":"\n<p align=\"justify\">A equipe editorial da Revista Velho Chico comunica a abertura de chamada para publica\u00e7\u00e3o de artigos cient\u00edficos in\u00e9ditos e originais, relatos de experi\u00eancias produto de estudos te\u00f3ricos e pesquisas conclu\u00eddas envolvendo as tem\u00e1ticas &#8220;Gest\u00e3o, Ensino, Pesquisa e Extens\u00e3o na contemporaneidade: experi\u00eancias constru\u00eddas em tempos de pandemia&#8221;. Conscientes de que o tempo e o espa\u00e7o de produ\u00e7\u00e3o e compartilhamento de saberes est\u00e3o sendo impactados pela pandemia da Covid-19 essa edi\u00e7\u00e3o ser\u00e1 composta pelos seguintes eixos: Ger\u00eancia dos novos espa\u00e7os formativos; Educa\u00e7\u00e3o e coexist\u00eancia; As pr\u00e1ticas pedag\u00f3gicas no contexto pand\u00eamico; A gest\u00e3o, a pesquisa e a extens\u00e3o; A educa\u00e7\u00e3o como experi\u00eancia problematizadora; A pesquisa e extens\u00e3o como eixo integrador, dialo\u0301gico e interdisciplinar; Metodologias de pesquisas em educa\u00e7\u00e3o.<\/p>\n\n\n\n<figure class=\"wp-block-image size-large\"><img decoding=\"async\" loading=\"lazy\" width=\"1080\" height=\"1080\" src=\"https:\/\/www.ifbaiano.edu.br\/unidades\/lapa\/files\/2021\/06\/rvc-submissoes-abertas-2021.jpeg\" alt=\"\" class=\"wp-image-20141\" \/><\/figure>\n","protected":false},"excerpt":{"rendered":"<p>A equipe editorial da Revista Velho Chico comunica a abertura de chamada para publica\u00e7\u00e3o de artigos cient\u00edficos in\u00e9ditos e originais, relatos de experi\u00eancias produto de estudos te\u00f3ricos e pesquisas conclu\u00eddas envolvendo as tem\u00e1ticas &#8220;Gest\u00e3o, Ensino, Pesquisa e Extens\u00e3o na contemporaneidade: experi\u00eancias constru\u00eddas em tempos de pandemia&#8221;. Conscientes de que o tempo e o espa\u00e7o de [&hellip;]<\/p>\n","protected":false},"author":100,"featured_media":20141,"comment_status":"open","ping_status":"open","sticky":false,"template":"","format":"standard","meta":[],"categories":[64,24,40,65],"tags":[],"_links":{"self":[{"href":"https:\/\/www.ifbaiano.edu.br\/unidades\/lapa\/wp-json\/wp\/v2\/posts\/20140"}],"collection":[{"href":"https:\/\/www.ifbaiano.edu.br\/unidades\/lapa\/wp-json\/wp\/v2\/posts"}],"about":[{"href":"https:\/\/www.ifbaiano.edu.br\/unidades\/lapa\/wp-json\/wp\/v2\/types\/post"}],"author":[{"embeddable":true,"href":"https:\/\/www.ifbaiano.edu.br\/unidades\/lapa\/wp-json\/wp\/v2\/users\/100"}],"replies":[{"embeddable":true,"href":"https:\/\/www.ifbaiano.edu.br\/unidades\/lapa\/wp-json\/wp\/v2\/comments?post=20140"}],"version-history":[{"count":1,"href":"https:\/\/www.ifbaiano.edu.br\/unidades\/lapa\/wp-json\/wp\/v2\/posts\/20140\/revisions"}],"predecessor-version":[{"id":20142,"href":"https:\/\/www.ifbaiano.edu.br\/unidades\/lapa\/wp-json\/wp\/v2\/posts\/20140\/revisions\/20142"}],"wp:featuredmedia":[{"embeddable":true,"href":"https:\/\/www.ifbaiano.edu.br\/unidades\/lapa\/wp-json\/wp\/v2\/media\/20141"}],"wp:attachment":[{"href":"https:\/\/www.ifbaiano.edu.br\/unidades\/lapa\/wp-json\/wp\/v2\/media?parent=20140"}],"wp:term":[{"taxonomy":"category","embeddable":true,"href":"https:\/\/www.ifbaiano.edu.br\/unidades\/lapa\/wp-json\/wp\/v2\/categories?post=20140"},{"taxonomy":"post_tag","embeddable":true,"href":"https:\/\/www.ifbaiano.edu.br\/unidades\/lapa\/wp-json\/wp\/v2\/tags?post=20140"}],"curies":[{"name":"wp","href":"https:\/\/api.w.org\/{rel}","templated":true}]}}