{"id":20158,"date":"2021-06-14T13:42:04","date_gmt":"2021-06-14T16:42:04","guid":{"rendered":"https:\/\/www.ifbaiano.edu.br\/unidades\/lapa\/?p=20158"},"modified":"2021-06-14T13:42:15","modified_gmt":"2021-06-14T16:42:15","slug":"live-processo-seletivo-2021","status":"publish","type":"post","link":"https:\/\/www.ifbaiano.edu.br\/unidades\/lapa\/2021\/06\/14\/live-processo-seletivo-2021\/","title":{"rendered":"Live Processo Seletivo 2021"},"content":{"rendered":"\n<p>Data: 16\/06\/2021<br>Hor\u00e1rio: das 17h \u00e0s 18h<br>Participantes:<br>Emerson Alves dos Santos &#8211; Diretor Acad\u00eamico<br>Jorge Abdon Miranda de Souza Junior &#8211; Chefe de Secretaria e Presidente da Comiss\u00e3o Local do Prosel<br>Luciana Pereira Cardial Teixeira &#8211; Interprete de LIBRAS<br>Ivonete de Souza Santos &#8211; Interprete de LIBRAS<\/p>\n\n\n\n<figure class=\"wp-block-embed is-type-video is-provider-youtube wp-block-embed-youtube wp-embed-aspect-16-9 wp-has-aspect-ratio\"><div class=\"wp-block-embed__wrapper\">\n<iframe loading=\"lazy\" title=\"Processo Seletivo 2021\" width=\"500\" height=\"281\" src=\"https:\/\/www.youtube.com\/embed\/w90cS5ACG_I?feature=oembed\" frameborder=\"0\" allow=\"accelerometer; autoplay; clipboard-write; encrypted-media; gyroscope; picture-in-picture\" allowfullscreen><\/iframe>\n<\/div><\/figure>\n","protected":false},"excerpt":{"rendered":"<p>Data: 16\/06\/2021Hor\u00e1rio: das 17h \u00e0s 18hParticipantes:Emerson Alves dos Santos &#8211; Diretor Acad\u00eamicoJorge Abdon Miranda de Souza Junior &#8211; Chefe de Secretaria e Presidente da Comiss\u00e3o Local do ProselLuciana Pereira Cardial Teixeira &#8211; Interprete de LIBRASIvonete de Souza Santos &#8211; Interprete de LIBRAS<\/p>\n","protected":false},"author":100,"featured_media":20161,"comment_status":"open","ping_status":"open","sticky":false,"template":"","format":"standard","meta":[],"categories":[64,39,24,68,73,69,65],"tags":[],"_links":{"self":[{"href":"https:\/\/www.ifbaiano.edu.br\/unidades\/lapa\/wp-json\/wp\/v2\/posts\/20158"}],"collection":[{"href":"https:\/\/www.ifbaiano.edu.br\/unidades\/lapa\/wp-json\/wp\/v2\/posts"}],"about":[{"href":"https:\/\/www.ifbaiano.edu.br\/unidades\/lapa\/wp-json\/wp\/v2\/types\/post"}],"author":[{"embeddable":true,"href":"https:\/\/www.ifbaiano.edu.br\/unidades\/lapa\/wp-json\/wp\/v2\/users\/100"}],"replies":[{"embeddable":true,"href":"https:\/\/www.ifbaiano.edu.br\/unidades\/lapa\/wp-json\/wp\/v2\/comments?post=20158"}],"version-history":[{"count":2,"href":"https:\/\/www.ifbaiano.edu.br\/unidades\/lapa\/wp-json\/wp\/v2\/posts\/20158\/revisions"}],"predecessor-version":[{"id":20160,"href":"https:\/\/www.ifbaiano.edu.br\/unidades\/lapa\/wp-json\/wp\/v2\/posts\/20158\/revisions\/20160"}],"wp:featuredmedia":[{"embeddable":true,"href":"https:\/\/www.ifbaiano.edu.br\/unidades\/lapa\/wp-json\/wp\/v2\/media\/20161"}],"wp:attachment":[{"href":"https:\/\/www.ifbaiano.edu.br\/unidades\/lapa\/wp-json\/wp\/v2\/media?parent=20158"}],"wp:term":[{"taxonomy":"category","embeddable":true,"href":"https:\/\/www.ifbaiano.edu.br\/unidades\/lapa\/wp-json\/wp\/v2\/categories?post=20158"},{"taxonomy":"post_tag","embeddable":true,"href":"https:\/\/www.ifbaiano.edu.br\/unidades\/lapa\/wp-json\/wp\/v2\/tags?post=20158"}],"curies":[{"name":"wp","href":"https:\/\/api.w.org\/{rel}","templated":true}]}}