{"id":2024,"date":"2014-02-25T18:21:01","date_gmt":"2014-02-25T20:21:01","guid":{"rendered":"http:\/\/www.ifbaiano.edu.br\/unidades\/lapa\/?p=2024"},"modified":"2014-02-25T18:21:58","modified_gmt":"2014-02-25T20:21:58","slug":"encontro-nacional-de-computacao-dos-ifs","status":"publish","type":"post","link":"https:\/\/www.ifbaiano.edu.br\/unidades\/lapa\/2014\/02\/25\/encontro-nacional-de-computacao-dos-ifs\/","title":{"rendered":"Encontro Nacional de Computa\u00e7\u00e3o dos IF&#8217;s"},"content":{"rendered":"<div>Aberto prazo para submiss\u00e3o de trabalhos<\/div>\n<div><!--more--><\/div>\n<div>O II Encontro Nacional de Computa\u00e7\u00e3o dos Institutos Federais\u00a0(ENCompIF) ser\u00e1 realizado em conjunto com o XXXIV Congresso da Sociedade Brasileira de Computa\u00e7\u00e3o em Bras\u00edlia. O ENCompIF tem\u00a0por objetivo reunir professores e alunos de ensino m\u00e9dio dos\u00a0Institutos Federais e outras institui\u00e7\u00f5es que ofere\u00e7am cursos\u00a0t\u00e9cnicos em inform\u00e1tica.<\/div>\n<div>O evento acontecer\u00e1 de 28 a 31 de julho de 2014 em Bras\u00edlia -DF<\/div>\n<div>\n<p><strong>DATAS IMPORTANTES<\/strong><\/p>\n<p>Prazo final para submiss\u00e3o de trabalhos:\u00a008\/04\/2014<\/p>\n<p>Notifica\u00e7\u00e3o dos trabalhos aceitos: 17\/05\/2014<\/p>\n<p>Entrega da vers\u00e3o final: 27\/05\/2014<\/p>\n<p>&nbsp;<\/p>\n<p>Mais informa\u00e7\u00f5es\u00a0<a href=\"http:\/\/csbc2014.cic.unb.br\/index.php\/encompif\" target=\"_blank\">aqui<\/a><\/p>\n<\/div>\n","protected":false},"excerpt":{"rendered":"<p>Aberto prazo para submiss\u00e3o de trabalhos<\/p>\n","protected":false},"author":41,"featured_media":0,"comment_status":"open","ping_status":"open","sticky":false,"template":"","format":"standard","meta":[],"categories":[1],"tags":[],"_links":{"self":[{"href":"https:\/\/www.ifbaiano.edu.br\/unidades\/lapa\/wp-json\/wp\/v2\/posts\/2024"}],"collection":[{"href":"https:\/\/www.ifbaiano.edu.br\/unidades\/lapa\/wp-json\/wp\/v2\/posts"}],"about":[{"href":"https:\/\/www.ifbaiano.edu.br\/unidades\/lapa\/wp-json\/wp\/v2\/types\/post"}],"author":[{"embeddable":true,"href":"https:\/\/www.ifbaiano.edu.br\/unidades\/lapa\/wp-json\/wp\/v2\/users\/41"}],"replies":[{"embeddable":true,"href":"https:\/\/www.ifbaiano.edu.br\/unidades\/lapa\/wp-json\/wp\/v2\/comments?post=2024"}],"version-history":[{"count":3,"href":"https:\/\/www.ifbaiano.edu.br\/unidades\/lapa\/wp-json\/wp\/v2\/posts\/2024\/revisions"}],"predecessor-version":[{"id":2027,"href":"https:\/\/www.ifbaiano.edu.br\/unidades\/lapa\/wp-json\/wp\/v2\/posts\/2024\/revisions\/2027"}],"wp:attachment":[{"href":"https:\/\/www.ifbaiano.edu.br\/unidades\/lapa\/wp-json\/wp\/v2\/media?parent=2024"}],"wp:term":[{"taxonomy":"category","embeddable":true,"href":"https:\/\/www.ifbaiano.edu.br\/unidades\/lapa\/wp-json\/wp\/v2\/categories?post=2024"},{"taxonomy":"post_tag","embeddable":true,"href":"https:\/\/www.ifbaiano.edu.br\/unidades\/lapa\/wp-json\/wp\/v2\/tags?post=2024"}],"curies":[{"name":"wp","href":"https:\/\/api.w.org\/{rel}","templated":true}]}}