{"id":20416,"date":"2021-07-22T08:21:13","date_gmt":"2021-07-22T11:21:13","guid":{"rendered":"https:\/\/www.ifbaiano.edu.br\/unidades\/lapa\/?p=20416"},"modified":"2021-07-22T08:27:01","modified_gmt":"2021-07-22T11:27:01","slug":"nota-informativa-2","status":"publish","type":"post","link":"https:\/\/www.ifbaiano.edu.br\/unidades\/lapa\/2021\/07\/22\/nota-informativa-2\/","title":{"rendered":"Nota Informativa"},"content":{"rendered":"\n<p align=\"justify\">Considerando as mais recentes orienta\u00e7\u00f5es do Governo Federal e do Estado da Bahia, no que concerne \u00e0 possibilidade do retorno gradual \u00e0s atividades educacionais, a partir de um modelo semipresencial, o Instituto Federal de Educa\u00e7\u00e3o, Ci\u00eancia e Tecnologia Baiano \u2013 IF Baiano vem a p\u00fablico informar que:<\/p>\n\n\n\n<ul style=\"text-align:justify\">\n<li>desde o princ\u00edpio da pandemia, tem acompanhado com muita acuidade as normatiza\u00e7\u00f5es e as orienta\u00e7\u00f5es emanadas pelos \u00f3rg\u00e3os competentes e agido com cautela a fim de proteger a nossa comunidade e a institui\u00e7\u00e3o das fragilidades impostas pelo contexto que estamos vivenciando;<\/li>\n<li>disp\u00f5e de um Plano de Conting\u00eancia para nortear as a\u00e7\u00f5es de retorno, quando isso se mostrar poss\u00edvel. Tal plano consta no site da institui\u00e7\u00e3o desde fevereiro de 2021, dispon\u00edvel na p\u00e1gina de <a href=\"https:\/\/ifbaiano.edu.br\/portal\/coronavirus\/wp-content\/uploads\/sites\/94\/2021\/02\/Plano-de-Contigencia-para-o-Retorno-das-Atividades-Presenciais.pdf\" target=\"_blank\" rel=\"noopener\">Preven\u00e7\u00e3o ao Coronav\u00edrus (documento pdf, abre em nova aba)<\/a>;<\/li>\n<li>seguem vigentes as Resolu\u00e7\u00f5es n\u00ba 76\/2020 e n\u00ba 90\/2020, aprovadas pelo Conselho Superior \u2013 CONSUP do IF Baiano, que estabeleceram as atividades pedag\u00f3gicas n\u00e3o presenciais nos cursos, em todos os n\u00edveis e modalidades ofertadas, viabilizando o retorno das aulas de modo virtual, bem como a Instru\u00e7\u00e3o Normativa n\u00ba 19\/2020 \u2013 RET-GAB\/RET\/IFBAIANO, de 13 de mar\u00e7o de 2020, que estabelece orienta\u00e7\u00f5es \u00e0s unidades do IF Baiano, quanto \u00e0s medidas de prote\u00e7\u00e3o para o enfrentamento da emerg\u00eancia de sa\u00fade p\u00fablica;<\/li>\n<li>no momento, as unidades do IF Baiano est\u00e3o elaborando protocolos setoriais para o planejamento de suas atividades, considerando os protocolos de biosseguran\u00e7a, as discuss\u00f5es no \u00e2mbito do Comit\u00ea Central e das Comiss\u00f5es de Acompanhamento \u00e0 Amea\u00e7a do COVID-19 no IF Baiano e do Conselho Nacional das Institui\u00e7\u00f5es da Rede Federal de Educa\u00e7\u00e3o Profissional, Cient\u00edfica e Tecnol\u00f3gica (CONIF), bem como as diretrizes das inst\u00e2ncias superiores;<\/li>\n<li>seguir\u00e1 baseando suas orienta\u00e7\u00f5es e decis\u00f5es quanto \u00e0s suas atividades no contexto da pandemia de Covid-19 em crit\u00e9rios t\u00e9cnicos, cient\u00edficos e sempre primando pelo di\u00e1logo com o CONSUP e toda a comunidade.<\/li>\n<\/ul>\n\n\n\n<p align=\"justify\">Assim, o IF Baiano reitera o seu compromisso com a vida, com o ensino p\u00fablico de qualidade e reconhece o esfor\u00e7o de cada pessoa para que nossa Institui\u00e7\u00e3o se mantenha cumprindo o seu papel. Ao tempo que ressalta as especificidades de seus 14 <em>campi<\/em> e Reitoria, os quais continuar\u00e3o a desenvolver as suas atividades administrativas e acad\u00eamicas, considerando as realidades e os dados de cada regi\u00e3o, tendo sempre como prioridade a seguran\u00e7a da nossa comunidade.<\/p>\n\n\n\n<p align=\"justify\">Original publicado pela Assessoria de Comunica\u00e7\u00e3o em: <a href=\"https:\/\/ifbaiano.edu.br\/portal\/blog\/nota-informativa-2\/\" data-type=\"URL\" data-id=\"https:\/\/ifbaiano.edu.br\/portal\/blog\/nota-informativa-2\/\">https:\/\/ifbaiano.edu.br\/portal\/blog\/nota-informativa-2\/<\/a><\/p>\n","protected":false},"excerpt":{"rendered":"<p>Considerando as mais recentes orienta\u00e7\u00f5es do Governo Federal e do Estado da Bahia, no que concerne \u00e0 possibilidade do retorno gradual \u00e0s atividades educacionais, a partir de um modelo semipresencial, o Instituto Federal de Educa\u00e7\u00e3o, Ci\u00eancia e Tecnologia Baiano \u2013 IF Baiano vem a p\u00fablico informar que: desde o princ\u00edpio da pandemia, tem acompanhado com [&hellip;]<\/p>\n","protected":false},"author":100,"featured_media":0,"comment_status":"open","ping_status":"open","sticky":false,"template":"","format":"standard","meta":[],"categories":[64,24,65],"tags":[],"_links":{"self":[{"href":"https:\/\/www.ifbaiano.edu.br\/unidades\/lapa\/wp-json\/wp\/v2\/posts\/20416"}],"collection":[{"href":"https:\/\/www.ifbaiano.edu.br\/unidades\/lapa\/wp-json\/wp\/v2\/posts"}],"about":[{"href":"https:\/\/www.ifbaiano.edu.br\/unidades\/lapa\/wp-json\/wp\/v2\/types\/post"}],"author":[{"embeddable":true,"href":"https:\/\/www.ifbaiano.edu.br\/unidades\/lapa\/wp-json\/wp\/v2\/users\/100"}],"replies":[{"embeddable":true,"href":"https:\/\/www.ifbaiano.edu.br\/unidades\/lapa\/wp-json\/wp\/v2\/comments?post=20416"}],"version-history":[{"count":9,"href":"https:\/\/www.ifbaiano.edu.br\/unidades\/lapa\/wp-json\/wp\/v2\/posts\/20416\/revisions"}],"predecessor-version":[{"id":20428,"href":"https:\/\/www.ifbaiano.edu.br\/unidades\/lapa\/wp-json\/wp\/v2\/posts\/20416\/revisions\/20428"}],"wp:attachment":[{"href":"https:\/\/www.ifbaiano.edu.br\/unidades\/lapa\/wp-json\/wp\/v2\/media?parent=20416"}],"wp:term":[{"taxonomy":"category","embeddable":true,"href":"https:\/\/www.ifbaiano.edu.br\/unidades\/lapa\/wp-json\/wp\/v2\/categories?post=20416"},{"taxonomy":"post_tag","embeddable":true,"href":"https:\/\/www.ifbaiano.edu.br\/unidades\/lapa\/wp-json\/wp\/v2\/tags?post=20416"}],"curies":[{"name":"wp","href":"https:\/\/api.w.org\/{rel}","templated":true}]}}