{"id":20435,"date":"2021-07-26T12:16:51","date_gmt":"2021-07-26T15:16:51","guid":{"rendered":"https:\/\/www.ifbaiano.edu.br\/unidades\/lapa\/?p=20435"},"modified":"2021-07-26T17:51:35","modified_gmt":"2021-07-26T20:51:35","slug":"renovacao-da-matricula-cursos-tecnicos-integrados-2021","status":"publish","type":"post","link":"https:\/\/www.ifbaiano.edu.br\/unidades\/lapa\/2021\/07\/26\/renovacao-da-matricula-cursos-tecnicos-integrados-2021\/","title":{"rendered":"Renova\u00e7\u00e3o da Matr\u00edcula Cursos T\u00e9cnicos Integrados 2021"},"content":{"rendered":"\n<p align=\"justify\">O Instituto Federal Baiano \u2013 Campus Bom Jesus da Lapa torna p\u00fablico o per\u00edodo destinado a <span style=\"text-transform:uppercase\">Renova\u00e7\u00e3o de Matr\u00edcula<\/span> para estudantes dos cursos t\u00e9cnicos integrados para o per\u00edodo letivo 2021.<\/p>\n<p align=\"justify\">Esse procedimento deve ser realizado por todos(as) os(as) discentes que desejam se rematricular nos 2\u00b0 e 3\u00b0 anos dos seus respectivos cursos.<\/p>\n<p align=\"justify\">Os estudantes que se enquadrarem nesta situa\u00e7\u00e3o devem realizar a renova\u00e7\u00e3o de sua matr\u00edcula a fim de garantir manuten\u00e7\u00e3o de v\u00ednculo nos respectivos cursos. A n\u00e3o realiza\u00e7\u00e3o da regulariza\u00e7\u00e3o da matr\u00edcula, no prazo estabelecido, poder\u00e1 caracterizar uma das formas de abandono do curso e poder\u00e1 implicar no cancelamento da matr\u00edcula, nos termos do Art. 65 da Organiza\u00e7\u00e3o Did\u00e1tica dos Cursos da Educa\u00e7\u00e3o Profissional T\u00e9cnica de N\u00edvel M\u00e9dio do IF Baiano.<\/p>\n<p align=\"justify\">Os estudantes interessados dever\u00e3o efetuar a renova\u00e7\u00e3o de matr\u00edcula a partir do link eletr\u00f4nico a seguir:<\/p><p align=\"justify\"><a href=\"suap.ifbaiano.edu.br\" target=\"_blank\" rel=\"noopener\"><span style=\"text-transform:uppercase\">Suap<\/span> (p\u00e1gina externa, abre em outra aba)<\/a>\n<p align=\"justify\">Per\u00edodo para regulariza\u00e7\u00e3o: 26\/07\/2021 a 30\/07\/2021.<\/p>\n<p align=\"justify\">Maiores informa\u00e7\u00f5es e esclarecimentos, entre em contato conosco pelo e-mail: sra@lapa.ifbaiano.edu.br<\/p>\n","protected":false},"excerpt":{"rendered":"<p>O Instituto Federal Baiano \u2013 Campus Bom Jesus da Lapa torna p\u00fablico o per\u00edodo destinado a Renova\u00e7\u00e3o de Matr\u00edcula para estudantes dos cursos t\u00e9cnicos integrados para o per\u00edodo letivo 2021. Esse procedimento deve ser realizado por todos(as) os(as) discentes que desejam se rematricular nos 2\u00b0 e 3\u00b0 anos dos seus respectivos cursos. Os estudantes que [&hellip;]<\/p>\n","protected":false},"author":100,"featured_media":20442,"comment_status":"open","ping_status":"open","sticky":false,"template":"","format":"standard","meta":[],"categories":[64,24,68,65],"tags":[],"_links":{"self":[{"href":"https:\/\/www.ifbaiano.edu.br\/unidades\/lapa\/wp-json\/wp\/v2\/posts\/20435"}],"collection":[{"href":"https:\/\/www.ifbaiano.edu.br\/unidades\/lapa\/wp-json\/wp\/v2\/posts"}],"about":[{"href":"https:\/\/www.ifbaiano.edu.br\/unidades\/lapa\/wp-json\/wp\/v2\/types\/post"}],"author":[{"embeddable":true,"href":"https:\/\/www.ifbaiano.edu.br\/unidades\/lapa\/wp-json\/wp\/v2\/users\/100"}],"replies":[{"embeddable":true,"href":"https:\/\/www.ifbaiano.edu.br\/unidades\/lapa\/wp-json\/wp\/v2\/comments?post=20435"}],"version-history":[{"count":5,"href":"https:\/\/www.ifbaiano.edu.br\/unidades\/lapa\/wp-json\/wp\/v2\/posts\/20435\/revisions"}],"predecessor-version":[{"id":20440,"href":"https:\/\/www.ifbaiano.edu.br\/unidades\/lapa\/wp-json\/wp\/v2\/posts\/20435\/revisions\/20440"}],"wp:featuredmedia":[{"embeddable":true,"href":"https:\/\/www.ifbaiano.edu.br\/unidades\/lapa\/wp-json\/wp\/v2\/media\/20442"}],"wp:attachment":[{"href":"https:\/\/www.ifbaiano.edu.br\/unidades\/lapa\/wp-json\/wp\/v2\/media?parent=20435"}],"wp:term":[{"taxonomy":"category","embeddable":true,"href":"https:\/\/www.ifbaiano.edu.br\/unidades\/lapa\/wp-json\/wp\/v2\/categories?post=20435"},{"taxonomy":"post_tag","embeddable":true,"href":"https:\/\/www.ifbaiano.edu.br\/unidades\/lapa\/wp-json\/wp\/v2\/tags?post=20435"}],"curies":[{"name":"wp","href":"https:\/\/api.w.org\/{rel}","templated":true}]}}