{"id":20452,"date":"2021-07-27T14:07:30","date_gmt":"2021-07-27T17:07:30","guid":{"rendered":"https:\/\/www.ifbaiano.edu.br\/unidades\/lapa\/?p=20452"},"modified":"2021-07-27T14:07:41","modified_gmt":"2021-07-27T17:07:41","slug":"workshop-suap","status":"publish","type":"post","link":"https:\/\/www.ifbaiano.edu.br\/unidades\/lapa\/2021\/07\/27\/workshop-suap\/","title":{"rendered":"Workshop suap"},"content":{"rendered":"\n<p align=\"justify\">O Instituto Federal Baiano, por meio da parceria entre a PROEX e os campi de Bom Jesus da Lapa, Guanambi e Itaberaba, convida os servidores a participarem do Workshop SUAP: O m\u00f3dulo de eventos na gest\u00e3o de atividades acad\u00eamicas.<\/p>\n\n\n\n<p align=\"justify\">O evento objetiva apresentar e popularizar o m\u00f3dulo de eventos, bem como disseminar no\u00e7\u00f5es b\u00e1sicas de operacionaliza\u00e7\u00e3o, para otimizar o cadastro, gest\u00e3o e certifica\u00e7\u00e3o, em especial, das atividades aderidas aos eventos de extens\u00e3o.<\/p>\n\n\n\n<p align=\"justify\"><a href=\"https:\/\/suap.ifbaiano.edu.br\/eventos\/inscricao_publica\/165\/\" target=\"_blank\" rel=\"noopener\">Inscri\u00e7\u00f5es (p\u00e1gina externa, abre em outra aba)<\/a><\/p>\n","protected":false},"excerpt":{"rendered":"<p>O Instituto Federal Baiano, por meio da parceria entre a PROEX e os campi de Bom Jesus da Lapa, Guanambi e Itaberaba, convida os servidores a participarem do Workshop SUAP: O m\u00f3dulo de eventos na gest\u00e3o de atividades acad\u00eamicas. O evento objetiva apresentar e popularizar o m\u00f3dulo de eventos, bem como disseminar no\u00e7\u00f5es b\u00e1sicas de [&hellip;]<\/p>\n","protected":false},"author":100,"featured_media":20454,"comment_status":"open","ping_status":"open","sticky":false,"template":"","format":"standard","meta":[],"categories":[64,24,40,65],"tags":[],"_links":{"self":[{"href":"https:\/\/www.ifbaiano.edu.br\/unidades\/lapa\/wp-json\/wp\/v2\/posts\/20452"}],"collection":[{"href":"https:\/\/www.ifbaiano.edu.br\/unidades\/lapa\/wp-json\/wp\/v2\/posts"}],"about":[{"href":"https:\/\/www.ifbaiano.edu.br\/unidades\/lapa\/wp-json\/wp\/v2\/types\/post"}],"author":[{"embeddable":true,"href":"https:\/\/www.ifbaiano.edu.br\/unidades\/lapa\/wp-json\/wp\/v2\/users\/100"}],"replies":[{"embeddable":true,"href":"https:\/\/www.ifbaiano.edu.br\/unidades\/lapa\/wp-json\/wp\/v2\/comments?post=20452"}],"version-history":[{"count":1,"href":"https:\/\/www.ifbaiano.edu.br\/unidades\/lapa\/wp-json\/wp\/v2\/posts\/20452\/revisions"}],"predecessor-version":[{"id":20453,"href":"https:\/\/www.ifbaiano.edu.br\/unidades\/lapa\/wp-json\/wp\/v2\/posts\/20452\/revisions\/20453"}],"wp:featuredmedia":[{"embeddable":true,"href":"https:\/\/www.ifbaiano.edu.br\/unidades\/lapa\/wp-json\/wp\/v2\/media\/20454"}],"wp:attachment":[{"href":"https:\/\/www.ifbaiano.edu.br\/unidades\/lapa\/wp-json\/wp\/v2\/media?parent=20452"}],"wp:term":[{"taxonomy":"category","embeddable":true,"href":"https:\/\/www.ifbaiano.edu.br\/unidades\/lapa\/wp-json\/wp\/v2\/categories?post=20452"},{"taxonomy":"post_tag","embeddable":true,"href":"https:\/\/www.ifbaiano.edu.br\/unidades\/lapa\/wp-json\/wp\/v2\/tags?post=20452"}],"curies":[{"name":"wp","href":"https:\/\/api.w.org\/{rel}","templated":true}]}}