{"id":20474,"date":"2021-07-30T16:36:54","date_gmt":"2021-07-30T19:36:54","guid":{"rendered":"https:\/\/www.ifbaiano.edu.br\/unidades\/lapa\/?p=20474"},"modified":"2021-07-30T17:04:00","modified_gmt":"2021-07-30T20:04:00","slug":"jornada-pedagogica-virtual-ano-letivo-2021","status":"publish","type":"post","link":"https:\/\/www.ifbaiano.edu.br\/unidades\/lapa\/2021\/07\/30\/jornada-pedagogica-virtual-ano-letivo-2021\/","title":{"rendered":"Jornada Pedag\u00f3gica Virtual &#8211; Ano Letivo 2021."},"content":{"rendered":"\n<p align=\"justify\">Com o tema: \u201cEnsino-aprendizagem e (re)inven\u00e7\u00e3o: o fazer docente mediatizado pelas tecnologias\u201d, O IF Baiano promover\u00e1, entre 02 a 05 de agosto, a Jornada Pedag\u00f3gica Virtual referente ao ano letivo de 2021. A atividade tem como objetivo proporcionar aos servidores um momento de acolhimento e reflex\u00e3o, como tamb\u00e9m um espa\u00e7o interativo para organiza\u00e7\u00e3o das atividades letivas e de discuss\u00e3o de temas importantes do contexto escolar.<\/p>\n\n\n\n<p><p align=\"justify\">O evento contar\u00e1 com uma programa\u00e7\u00e3o de palestras, atividade cultural musical, espa\u00e7o para ideias, sugest\u00f5es e muito conhecimento<\/p><\/p>\n\n\n\n<figure class=\"wp-block-image size-large\"><img decoding=\"async\" loading=\"lazy\" width=\"996\" height=\"996\" src=\"https:\/\/www.ifbaiano.edu.br\/unidades\/lapa\/files\/2021\/07\/programacao-jornada-pedagogica-2021.jpeg\" alt=\"\" class=\"wp-image-20479\" \/><\/figure>\n","protected":false},"excerpt":{"rendered":"<p>Com o tema: \u201cEnsino-aprendizagem e (re)inven\u00e7\u00e3o: o fazer docente mediatizado pelas tecnologias\u201d, O IF Baiano promover\u00e1, entre 02 a 05 de agosto, a Jornada Pedag\u00f3gica Virtual referente ao ano letivo de 2021. A atividade tem como objetivo proporcionar aos servidores um momento de acolhimento e reflex\u00e3o, como tamb\u00e9m um espa\u00e7o interativo para organiza\u00e7\u00e3o das atividades [&hellip;]<\/p>\n","protected":false},"author":100,"featured_media":20480,"comment_status":"open","ping_status":"open","sticky":false,"template":"","format":"standard","meta":[],"categories":[41,64,39,24,68,69,65],"tags":[],"_links":{"self":[{"href":"https:\/\/www.ifbaiano.edu.br\/unidades\/lapa\/wp-json\/wp\/v2\/posts\/20474"}],"collection":[{"href":"https:\/\/www.ifbaiano.edu.br\/unidades\/lapa\/wp-json\/wp\/v2\/posts"}],"about":[{"href":"https:\/\/www.ifbaiano.edu.br\/unidades\/lapa\/wp-json\/wp\/v2\/types\/post"}],"author":[{"embeddable":true,"href":"https:\/\/www.ifbaiano.edu.br\/unidades\/lapa\/wp-json\/wp\/v2\/users\/100"}],"replies":[{"embeddable":true,"href":"https:\/\/www.ifbaiano.edu.br\/unidades\/lapa\/wp-json\/wp\/v2\/comments?post=20474"}],"version-history":[{"count":4,"href":"https:\/\/www.ifbaiano.edu.br\/unidades\/lapa\/wp-json\/wp\/v2\/posts\/20474\/revisions"}],"predecessor-version":[{"id":20482,"href":"https:\/\/www.ifbaiano.edu.br\/unidades\/lapa\/wp-json\/wp\/v2\/posts\/20474\/revisions\/20482"}],"wp:featuredmedia":[{"embeddable":true,"href":"https:\/\/www.ifbaiano.edu.br\/unidades\/lapa\/wp-json\/wp\/v2\/media\/20480"}],"wp:attachment":[{"href":"https:\/\/www.ifbaiano.edu.br\/unidades\/lapa\/wp-json\/wp\/v2\/media?parent=20474"}],"wp:term":[{"taxonomy":"category","embeddable":true,"href":"https:\/\/www.ifbaiano.edu.br\/unidades\/lapa\/wp-json\/wp\/v2\/categories?post=20474"},{"taxonomy":"post_tag","embeddable":true,"href":"https:\/\/www.ifbaiano.edu.br\/unidades\/lapa\/wp-json\/wp\/v2\/tags?post=20474"}],"curies":[{"name":"wp","href":"https:\/\/api.w.org\/{rel}","templated":true}]}}